{"id":903,"date":"2025-10-10T17:16:37","date_gmt":"2025-10-10T16:16:37","guid":{"rendered":"https:\/\/galileoeducational.net\/rivista\/?p=903"},"modified":"2025-10-12T09:51:09","modified_gmt":"2025-10-12T08:51:09","slug":"categorie-mentali","status":"publish","type":"post","link":"https:\/\/galileoeducational.net\/rivista\/categorie-mentali\/","title":{"rendered":"Categorie mentali"},"content":{"rendered":"\n<h3 id=\"wp-block-themeisle-blocks-advanced-heading-70612d38\" class=\"wp-block-themeisle-blocks-advanced-heading wp-block-themeisle-blocks-advanced-heading-70612d38\">Categorie mentali<\/h3>\n\n\n\n<h3 class=\"wp-block-heading\"><strong>Le categorie mentali: architetture del pensiero tra attenzione e linguaggio<\/strong><\/h3>\n\n\n\n<p>La comprensione di come l&#8217;essere umano costruisca la propria realt\u00e0 mentale \u00e8 da sempre una delle sfide pi\u00f9 affascinanti dell&#8217;indagine filosofica e scientifica. Nel panorama delle teorie cognitive, il modello proposto da Jacqueline Bickel, che riprende le intuizioni di Silvio Ceccato, offre una prospettiva originale sulla genesi delle categorie mentali, individuando nella dinamica dell&#8217;attenzione il motore primario della loro formazione. Questa visione suggerisce che la struttura stessa del nostro pensiero, e con essa la nostra capacit\u00e0 di percepire, rappresentare e relazionare il mondo, si edifichi attraverso un processo di combinazione di stati attenzionali elementari.<\/p>\n\n\n\n<p>L&#8217;ipotesi di partenza \u00e8 che esista uno &#8220;stato di attenzione isolato&#8221;, paragonabile a una sospensione momentanea del pensiero. \u00c8 un istante di vuoto, di pura attesa, che Bickel associa alle esclamazioni primarie come &#8220;guarda!&#8221; o &#8220;attento!&#8221;. Questo stato non \u00e8 un&#8217;assenza di attivit\u00e0, ma piuttosto una focalizzazione priva di contenuto specifico, una sorta di &#8220;punto zero&#8221; della coscienza da cui emerge la possibilit\u00e0 di ogni successiva elaborazione. \u00c8 un&#8217;apertura recettiva, un <em>input<\/em> primario che precede l&#8217;interpretazione.<\/p>\n\n\n\n<p>La vera rivoluzione concettuale avviene quando si postula che la <strong>combinazione di due o pi\u00f9 di questi stati di attenzione isolata<\/strong> dia origine alla categoria. Non \u00e8 dunque un&#8217;entit\u00e0 preesistente o un&#8217;impronta esterna a generare il concetto, ma la relazione interna tra due momenti attentivi. La mente del bambino, fin dai primi giorni di vita, si configura come un laboratorio instancabile che genera e riutilizza un numero crescente di queste combinazioni attenzionali. Applicate in rapida successione al flusso continuo degli organi di senso, queste strutture permettono un&#8217;escalation cognitiva: dalla semplice percezione (il riconoscere un <em>quid<\/em>), si passa alla rappresentazione mentale (il permanere di quel <em>quid<\/em> anche in sua assenza), all&#8217;osservazione (l&#8217;analisi pi\u00f9 profonda del <em>quid<\/em> e delle sue propriet\u00e0), fino alla progressiva e complessa strutturazione dell&#8217;intera rete correlazionale del pensiero.<\/p>\n\n\n\n<p>La memoria, in questo quadro, non \u00e8 un mero archivio, ma un processo attivo e dinamico che garantisce la persistenza e la disponibilit\u00e0 dei costrutti attenzionali appena formati. Mantenendo presenti queste &#8220;architetture&#8221; attentive, la memoria consente al bambino di riapplicarle, modificarle e combinarle ulteriormente, costruendo un apparato cognitivo sempre pi\u00f9 sofisticato.<\/p>\n\n\n\n<p>Le categorie, come sottolinea Bickel, sono strumenti indispensabili per l&#8217;organizzazione del pensiero e, non a caso, sono tra i primi costrutti a ricevere una denominazione linguistica. Il linguaggio, in questa prospettiva, non si limita a etichettare una realt\u00e0 preformata, ma cristallizza e rende socialmente comunicabili queste strutture attentive. Cos\u00ec, accanto all&#8217;identificazione di una &#8220;cosa&#8221;, emergono progressivamente concetti fondamentali come il singolare e il plurale (due o pi\u00f9 attenzioni a un elemento), l&#8217;inizio e la fine (l&#8217;attenzione focalizzata su due punti temporali distinti di un evento), lo stesso e l&#8217;altro (la comparazione tra due stati attentivi di due entit\u00e0), la parte e il tutto (l&#8217;attenzione focalizzata su un elemento interno rispetto all&#8217;attenzione focalizzata su un insieme), lo spazio e il tempo, la causa e l&#8217;effetto, i numeri e le forme geometriche. Anche elementi grammaticali come le preposizioni e le congiunzioni, lungi dall&#8217;essere mere convenzioni sintattiche, rifletterebbero categorie attenzionali che stabiliscono relazioni spaziali, temporali, logiche tra i concetti.<\/p>\n\n\n\n<p>Questa teoria offre spunti preziosi per l&#8217;antropologia cognitiva e la filosofia del linguaggio. Essa suggerisce che la nostra esperienza del mondo non \u00e8 una ricezione passiva, ma un&#8217;attiva costruzione attentiva. Le categorie mentali, lungi dall&#8217;essere universali innate o prodotti culturali arbitrari, emergono da un meccanismo di base della coscienza che combina stati di attenzione. Il linguaggio, a sua volta, non solo riflette, ma solidifica e permette la trasmissione di queste complesse architetture attentive, rendendo possibile la condivisione e l&#8217;evoluzione del pensiero collettivo. Comprendere la genesi delle categorie mentali in questa luce significa riconoscere il ruolo fondante della nostra capacit\u00e0 di dirigere e combinare l&#8217;attenzione nella costruzione della nostra intera impalcatura cognitiva e, in ultima analisi, della nostra stessa umanit\u00e0.<\/p>\n\n\n\n<figure class=\"wp-block-image size-full\"><img loading=\"lazy\" decoding=\"async\" width=\"1024\" height=\"1024\" src=\"https:\/\/galileoeducational.net\/rivista\/wp-content\/uploads\/2025\/10\/categorie-mentali.jpg\" alt=\"\" class=\"wp-image-904\" srcset=\"https:\/\/galileoeducational.net\/rivista\/wp-content\/uploads\/2025\/10\/categorie-mentali.jpg 1024w, https:\/\/galileoeducational.net\/rivista\/wp-content\/uploads\/2025\/10\/categorie-mentali-300x300.jpg 300w, https:\/\/galileoeducational.net\/rivista\/wp-content\/uploads\/2025\/10\/categorie-mentali-150x150.jpg 150w, https:\/\/galileoeducational.net\/rivista\/wp-content\/uploads\/2025\/10\/categorie-mentali-768x768.jpg 768w\" sizes=\"auto, (max-width: 1024px) 100vw, 1024px\" \/><\/figure>\n\n\n\n<hr class=\"wp-block-separator has-alpha-channel-opacity\"\/>\n","protected":false},"excerpt":{"rendered":"<p>Le categorie mentali: architetture del pensiero tra attenzione e linguaggio La comprensione di come l&#8217;essere umano costruisca la propria realt\u00e0 mentale \u00e8 da sempre una delle sfide pi\u00f9 affascinanti dell&#8217;indagine filosofica e scientifica. Nel panorama delle teorie cognitive, il modello proposto da Jacqueline Bickel, che riprende le intuizioni di Silvio Ceccato, offre una prospettiva originale [&hellip;]<\/p>\n","protected":false},"author":2,"featured_media":0,"comment_status":"open","ping_status":"open","sticky":false,"template":"","format":"standard","meta":{"_themeisle_gutenberg_block_has_review":false,"footnotes":""},"categories":[16],"tags":[],"class_list":["post-903","post","type-post","status-publish","format-standard","hentry","category-glossario"],"yoast_head":"<!-- This site is optimized with the Yoast SEO plugin v27.5 - https:\/\/yoast.com\/product\/yoast-seo-wordpress\/ -->\n<title>Categorie mentali - Rivista del metodo didattico Galileo for Education<\/title>\n<meta name=\"robots\" content=\"index, follow, max-snippet:-1, max-image-preview:large, max-video-preview:-1\" \/>\n<link rel=\"canonical\" href=\"https:\/\/galileoeducational.net\/rivista\/categorie-mentali\/\" \/>\n<meta property=\"og:locale\" content=\"it_IT\" \/>\n<meta property=\"og:type\" content=\"article\" \/>\n<meta property=\"og:title\" content=\"Categorie mentali - Rivista del metodo didattico Galileo for Education\" \/>\n<meta property=\"og:description\" content=\"Le categorie mentali: architetture del pensiero tra attenzione e linguaggio La comprensione di come l&#8217;essere umano costruisca la propria realt\u00e0 mentale \u00e8 da sempre una delle sfide pi\u00f9 affascinanti dell&#8217;indagine filosofica e scientifica. Nel panorama delle teorie cognitive, il modello proposto da Jacqueline Bickel, che riprende le intuizioni di Silvio Ceccato, offre una prospettiva originale [&hellip;]\" \/>\n<meta property=\"og:url\" content=\"https:\/\/galileoeducational.net\/rivista\/categorie-mentali\/\" \/>\n<meta property=\"og:site_name\" content=\"Rivista del metodo didattico Galileo for Education\" \/>\n<meta property=\"article:publisher\" content=\"https:\/\/www.facebook.com\/associazionegalileo\" \/>\n<meta property=\"article:published_time\" content=\"2025-10-10T16:16:37+00:00\" \/>\n<meta property=\"article:modified_time\" content=\"2025-10-12T08:51:09+00:00\" \/>\n<meta property=\"og:image\" content=\"https:\/\/galileoeducational.net\/rivista\/wp-content\/uploads\/2025\/10\/categorie-mentali.jpg\" \/>\n\t<meta property=\"og:image:width\" content=\"1024\" \/>\n\t<meta property=\"og:image:height\" content=\"1024\" \/>\n\t<meta property=\"og:image:type\" content=\"image\/jpeg\" \/>\n<meta name=\"author\" content=\"Umberto Bertolini\" \/>\n<meta name=\"twitter:card\" content=\"summary_large_image\" \/>\n<meta name=\"twitter:label1\" content=\"Scritto da\" \/>\n\t<meta name=\"twitter:data1\" content=\"Umberto Bertolini\" \/>\n\t<meta name=\"twitter:label2\" content=\"Tempo di lettura stimato\" \/>\n\t<meta name=\"twitter:data2\" content=\"4 minuti\" \/>\n<script type=\"application\/ld+json\" class=\"yoast-schema-graph\">{\"@context\":\"https:\\\/\\\/schema.org\",\"@graph\":[{\"@type\":\"Article\",\"@id\":\"https:\\\/\\\/galileoeducational.net\\\/rivista\\\/categorie-mentali\\\/#article\",\"isPartOf\":{\"@id\":\"https:\\\/\\\/galileoeducational.net\\\/rivista\\\/categorie-mentali\\\/\"},\"author\":{\"name\":\"Umberto Bertolini\",\"@id\":\"https:\\\/\\\/galileoeducational.net\\\/rivista\\\/#\\\/schema\\\/person\\\/337e0fab6a6a255a4a78b07aaa5fa204\"},\"headline\":\"Categorie mentali\",\"datePublished\":\"2025-10-10T16:16:37+00:00\",\"dateModified\":\"2025-10-12T08:51:09+00:00\",\"mainEntityOfPage\":{\"@id\":\"https:\\\/\\\/galileoeducational.net\\\/rivista\\\/categorie-mentali\\\/\"},\"wordCount\":632,\"commentCount\":0,\"publisher\":{\"@id\":\"https:\\\/\\\/galileoeducational.net\\\/rivista\\\/#organization\"},\"image\":{\"@id\":\"https:\\\/\\\/galileoeducational.net\\\/rivista\\\/categorie-mentali\\\/#primaryimage\"},\"thumbnailUrl\":\"https:\\\/\\\/galileoeducational.net\\\/rivista\\\/wp-content\\\/uploads\\\/2025\\\/10\\\/categorie-mentali.jpg\",\"articleSection\":[\"Glossario\"],\"inLanguage\":\"it-IT\",\"potentialAction\":[{\"@type\":\"CommentAction\",\"name\":\"Comment\",\"target\":[\"https:\\\/\\\/galileoeducational.net\\\/rivista\\\/categorie-mentali\\\/#respond\"]}]},{\"@type\":\"WebPage\",\"@id\":\"https:\\\/\\\/galileoeducational.net\\\/rivista\\\/categorie-mentali\\\/\",\"url\":\"https:\\\/\\\/galileoeducational.net\\\/rivista\\\/categorie-mentali\\\/\",\"name\":\"Categorie mentali - Rivista del metodo didattico Galileo for Education\",\"isPartOf\":{\"@id\":\"https:\\\/\\\/galileoeducational.net\\\/rivista\\\/#website\"},\"primaryImageOfPage\":{\"@id\":\"https:\\\/\\\/galileoeducational.net\\\/rivista\\\/categorie-mentali\\\/#primaryimage\"},\"image\":{\"@id\":\"https:\\\/\\\/galileoeducational.net\\\/rivista\\\/categorie-mentali\\\/#primaryimage\"},\"thumbnailUrl\":\"https:\\\/\\\/galileoeducational.net\\\/rivista\\\/wp-content\\\/uploads\\\/2025\\\/10\\\/categorie-mentali.jpg\",\"datePublished\":\"2025-10-10T16:16:37+00:00\",\"dateModified\":\"2025-10-12T08:51:09+00:00\",\"breadcrumb\":{\"@id\":\"https:\\\/\\\/galileoeducational.net\\\/rivista\\\/categorie-mentali\\\/#breadcrumb\"},\"inLanguage\":\"it-IT\",\"potentialAction\":[{\"@type\":\"ReadAction\",\"target\":[\"https:\\\/\\\/galileoeducational.net\\\/rivista\\\/categorie-mentali\\\/\"]}]},{\"@type\":\"ImageObject\",\"inLanguage\":\"it-IT\",\"@id\":\"https:\\\/\\\/galileoeducational.net\\\/rivista\\\/categorie-mentali\\\/#primaryimage\",\"url\":\"https:\\\/\\\/galileoeducational.net\\\/rivista\\\/wp-content\\\/uploads\\\/2025\\\/10\\\/categorie-mentali.jpg\",\"contentUrl\":\"https:\\\/\\\/galileoeducational.net\\\/rivista\\\/wp-content\\\/uploads\\\/2025\\\/10\\\/categorie-mentali.jpg\",\"width\":1024,\"height\":1024},{\"@type\":\"BreadcrumbList\",\"@id\":\"https:\\\/\\\/galileoeducational.net\\\/rivista\\\/categorie-mentali\\\/#breadcrumb\",\"itemListElement\":[{\"@type\":\"ListItem\",\"position\":1,\"name\":\"Home\",\"item\":\"https:\\\/\\\/galileoeducational.net\\\/rivista\\\/\"},{\"@type\":\"ListItem\",\"position\":2,\"name\":\"Categorie mentali\"}]},{\"@type\":\"WebSite\",\"@id\":\"https:\\\/\\\/galileoeducational.net\\\/rivista\\\/#website\",\"url\":\"https:\\\/\\\/galileoeducational.net\\\/rivista\\\/\",\"name\":\"Rivista del Metodo Galileo for Education\",\"description\":\"per un insegnamento efficace\",\"publisher\":{\"@id\":\"https:\\\/\\\/galileoeducational.net\\\/rivista\\\/#organization\"},\"potentialAction\":[{\"@type\":\"SearchAction\",\"target\":{\"@type\":\"EntryPoint\",\"urlTemplate\":\"https:\\\/\\\/galileoeducational.net\\\/rivista\\\/?s={search_term_string}\"},\"query-input\":{\"@type\":\"PropertyValueSpecification\",\"valueRequired\":true,\"valueName\":\"search_term_string\"}}],\"inLanguage\":\"it-IT\"},{\"@type\":\"Organization\",\"@id\":\"https:\\\/\\\/galileoeducational.net\\\/rivista\\\/#organization\",\"name\":\"Associazione Galileo\",\"url\":\"https:\\\/\\\/galileoeducational.net\\\/rivista\\\/\",\"logo\":{\"@type\":\"ImageObject\",\"inLanguage\":\"it-IT\",\"@id\":\"https:\\\/\\\/galileoeducational.net\\\/rivista\\\/#\\\/schema\\\/logo\\\/image\\\/\",\"url\":\"https:\\\/\\\/galileoeducational.net\\\/rivista\\\/wp-content\\\/uploads\\\/2024\\\/01\\\/logoassSito11-copia-350.jpg\",\"contentUrl\":\"https:\\\/\\\/galileoeducational.net\\\/rivista\\\/wp-content\\\/uploads\\\/2024\\\/01\\\/logoassSito11-copia-350.jpg\",\"width\":350,\"height\":105,\"caption\":\"Associazione Galileo\"},\"image\":{\"@id\":\"https:\\\/\\\/galileoeducational.net\\\/rivista\\\/#\\\/schema\\\/logo\\\/image\\\/\"},\"sameAs\":[\"https:\\\/\\\/www.facebook.com\\\/associazionegalileo\"]},{\"@type\":\"Person\",\"@id\":\"https:\\\/\\\/galileoeducational.net\\\/rivista\\\/#\\\/schema\\\/person\\\/337e0fab6a6a255a4a78b07aaa5fa204\",\"name\":\"Umberto Bertolini\",\"image\":{\"@type\":\"ImageObject\",\"inLanguage\":\"it-IT\",\"@id\":\"https:\\\/\\\/secure.gravatar.com\\\/avatar\\\/1226000365bdcd24a5eecea00510f2fd5d8505096b9063fa2614da1afe9c1c2c?s=96&d=mm&r=g\",\"url\":\"https:\\\/\\\/secure.gravatar.com\\\/avatar\\\/1226000365bdcd24a5eecea00510f2fd5d8505096b9063fa2614da1afe9c1c2c?s=96&d=mm&r=g\",\"contentUrl\":\"https:\\\/\\\/secure.gravatar.com\\\/avatar\\\/1226000365bdcd24a5eecea00510f2fd5d8505096b9063fa2614da1afe9c1c2c?s=96&d=mm&r=g\",\"caption\":\"Umberto Bertolini\"},\"sameAs\":[\"https:\\\/\\\/serchio.net\"],\"url\":\"https:\\\/\\\/galileoeducational.net\\\/rivista\\\/author\\\/umberto\\\/\"}]}<\/script>\n<!-- \/ Yoast SEO plugin. -->","yoast_head_json":{"title":"Categorie mentali - Rivista del metodo didattico Galileo for Education","robots":{"index":"index","follow":"follow","max-snippet":"max-snippet:-1","max-image-preview":"max-image-preview:large","max-video-preview":"max-video-preview:-1"},"canonical":"https:\/\/galileoeducational.net\/rivista\/categorie-mentali\/","og_locale":"it_IT","og_type":"article","og_title":"Categorie mentali - Rivista del metodo didattico Galileo for Education","og_description":"Le categorie mentali: architetture del pensiero tra attenzione e linguaggio La comprensione di come l&#8217;essere umano costruisca la propria realt\u00e0 mentale \u00e8 da sempre una delle sfide pi\u00f9 affascinanti dell&#8217;indagine filosofica e scientifica. Nel panorama delle teorie cognitive, il modello proposto da Jacqueline Bickel, che riprende le intuizioni di Silvio Ceccato, offre una prospettiva originale [&hellip;]","og_url":"https:\/\/galileoeducational.net\/rivista\/categorie-mentali\/","og_site_name":"Rivista del metodo didattico Galileo for Education","article_publisher":"https:\/\/www.facebook.com\/associazionegalileo","article_published_time":"2025-10-10T16:16:37+00:00","article_modified_time":"2025-10-12T08:51:09+00:00","og_image":[{"width":1024,"height":1024,"url":"https:\/\/galileoeducational.net\/rivista\/wp-content\/uploads\/2025\/10\/categorie-mentali.jpg","type":"image\/jpeg"}],"author":"Umberto Bertolini","twitter_card":"summary_large_image","twitter_misc":{"Scritto da":"Umberto Bertolini","Tempo di lettura stimato":"4 minuti"},"schema":{"@context":"https:\/\/schema.org","@graph":[{"@type":"Article","@id":"https:\/\/galileoeducational.net\/rivista\/categorie-mentali\/#article","isPartOf":{"@id":"https:\/\/galileoeducational.net\/rivista\/categorie-mentali\/"},"author":{"name":"Umberto Bertolini","@id":"https:\/\/galileoeducational.net\/rivista\/#\/schema\/person\/337e0fab6a6a255a4a78b07aaa5fa204"},"headline":"Categorie mentali","datePublished":"2025-10-10T16:16:37+00:00","dateModified":"2025-10-12T08:51:09+00:00","mainEntityOfPage":{"@id":"https:\/\/galileoeducational.net\/rivista\/categorie-mentali\/"},"wordCount":632,"commentCount":0,"publisher":{"@id":"https:\/\/galileoeducational.net\/rivista\/#organization"},"image":{"@id":"https:\/\/galileoeducational.net\/rivista\/categorie-mentali\/#primaryimage"},"thumbnailUrl":"https:\/\/galileoeducational.net\/rivista\/wp-content\/uploads\/2025\/10\/categorie-mentali.jpg","articleSection":["Glossario"],"inLanguage":"it-IT","potentialAction":[{"@type":"CommentAction","name":"Comment","target":["https:\/\/galileoeducational.net\/rivista\/categorie-mentali\/#respond"]}]},{"@type":"WebPage","@id":"https:\/\/galileoeducational.net\/rivista\/categorie-mentali\/","url":"https:\/\/galileoeducational.net\/rivista\/categorie-mentali\/","name":"Categorie mentali - Rivista del metodo didattico Galileo for Education","isPartOf":{"@id":"https:\/\/galileoeducational.net\/rivista\/#website"},"primaryImageOfPage":{"@id":"https:\/\/galileoeducational.net\/rivista\/categorie-mentali\/#primaryimage"},"image":{"@id":"https:\/\/galileoeducational.net\/rivista\/categorie-mentali\/#primaryimage"},"thumbnailUrl":"https:\/\/galileoeducational.net\/rivista\/wp-content\/uploads\/2025\/10\/categorie-mentali.jpg","datePublished":"2025-10-10T16:16:37+00:00","dateModified":"2025-10-12T08:51:09+00:00","breadcrumb":{"@id":"https:\/\/galileoeducational.net\/rivista\/categorie-mentali\/#breadcrumb"},"inLanguage":"it-IT","potentialAction":[{"@type":"ReadAction","target":["https:\/\/galileoeducational.net\/rivista\/categorie-mentali\/"]}]},{"@type":"ImageObject","inLanguage":"it-IT","@id":"https:\/\/galileoeducational.net\/rivista\/categorie-mentali\/#primaryimage","url":"https:\/\/galileoeducational.net\/rivista\/wp-content\/uploads\/2025\/10\/categorie-mentali.jpg","contentUrl":"https:\/\/galileoeducational.net\/rivista\/wp-content\/uploads\/2025\/10\/categorie-mentali.jpg","width":1024,"height":1024},{"@type":"BreadcrumbList","@id":"https:\/\/galileoeducational.net\/rivista\/categorie-mentali\/#breadcrumb","itemListElement":[{"@type":"ListItem","position":1,"name":"Home","item":"https:\/\/galileoeducational.net\/rivista\/"},{"@type":"ListItem","position":2,"name":"Categorie mentali"}]},{"@type":"WebSite","@id":"https:\/\/galileoeducational.net\/rivista\/#website","url":"https:\/\/galileoeducational.net\/rivista\/","name":"Rivista del Metodo Galileo for Education","description":"per un insegnamento efficace","publisher":{"@id":"https:\/\/galileoeducational.net\/rivista\/#organization"},"potentialAction":[{"@type":"SearchAction","target":{"@type":"EntryPoint","urlTemplate":"https:\/\/galileoeducational.net\/rivista\/?s={search_term_string}"},"query-input":{"@type":"PropertyValueSpecification","valueRequired":true,"valueName":"search_term_string"}}],"inLanguage":"it-IT"},{"@type":"Organization","@id":"https:\/\/galileoeducational.net\/rivista\/#organization","name":"Associazione Galileo","url":"https:\/\/galileoeducational.net\/rivista\/","logo":{"@type":"ImageObject","inLanguage":"it-IT","@id":"https:\/\/galileoeducational.net\/rivista\/#\/schema\/logo\/image\/","url":"https:\/\/galileoeducational.net\/rivista\/wp-content\/uploads\/2024\/01\/logoassSito11-copia-350.jpg","contentUrl":"https:\/\/galileoeducational.net\/rivista\/wp-content\/uploads\/2024\/01\/logoassSito11-copia-350.jpg","width":350,"height":105,"caption":"Associazione Galileo"},"image":{"@id":"https:\/\/galileoeducational.net\/rivista\/#\/schema\/logo\/image\/"},"sameAs":["https:\/\/www.facebook.com\/associazionegalileo"]},{"@type":"Person","@id":"https:\/\/galileoeducational.net\/rivista\/#\/schema\/person\/337e0fab6a6a255a4a78b07aaa5fa204","name":"Umberto Bertolini","image":{"@type":"ImageObject","inLanguage":"it-IT","@id":"https:\/\/secure.gravatar.com\/avatar\/1226000365bdcd24a5eecea00510f2fd5d8505096b9063fa2614da1afe9c1c2c?s=96&d=mm&r=g","url":"https:\/\/secure.gravatar.com\/avatar\/1226000365bdcd24a5eecea00510f2fd5d8505096b9063fa2614da1afe9c1c2c?s=96&d=mm&r=g","contentUrl":"https:\/\/secure.gravatar.com\/avatar\/1226000365bdcd24a5eecea00510f2fd5d8505096b9063fa2614da1afe9c1c2c?s=96&d=mm&r=g","caption":"Umberto Bertolini"},"sameAs":["https:\/\/serchio.net"],"url":"https:\/\/galileoeducational.net\/rivista\/author\/umberto\/"}]}},"_links":{"self":[{"href":"https:\/\/galileoeducational.net\/rivista\/wp-json\/wp\/v2\/posts\/903","targetHints":{"allow":["GET"]}}],"collection":[{"href":"https:\/\/galileoeducational.net\/rivista\/wp-json\/wp\/v2\/posts"}],"about":[{"href":"https:\/\/galileoeducational.net\/rivista\/wp-json\/wp\/v2\/types\/post"}],"author":[{"embeddable":true,"href":"https:\/\/galileoeducational.net\/rivista\/wp-json\/wp\/v2\/users\/2"}],"replies":[{"embeddable":true,"href":"https:\/\/galileoeducational.net\/rivista\/wp-json\/wp\/v2\/comments?post=903"}],"version-history":[{"count":4,"href":"https:\/\/galileoeducational.net\/rivista\/wp-json\/wp\/v2\/posts\/903\/revisions"}],"predecessor-version":[{"id":932,"href":"https:\/\/galileoeducational.net\/rivista\/wp-json\/wp\/v2\/posts\/903\/revisions\/932"}],"wp:attachment":[{"href":"https:\/\/galileoeducational.net\/rivista\/wp-json\/wp\/v2\/media?parent=903"}],"wp:term":[{"taxonomy":"category","embeddable":true,"href":"https:\/\/galileoeducational.net\/rivista\/wp-json\/wp\/v2\/categories?post=903"},{"taxonomy":"post_tag","embeddable":true,"href":"https:\/\/galileoeducational.net\/rivista\/wp-json\/wp\/v2\/tags?post=903"}],"curies":[{"name":"wp","href":"https:\/\/api.w.org\/{rel}","templated":true}]}}