{"id":890,"date":"2025-10-09T09:19:28","date_gmt":"2025-10-09T08:19:28","guid":{"rendered":"https:\/\/galileoeducational.net\/rivista\/?p=890"},"modified":"2025-10-09T09:19:29","modified_gmt":"2025-10-09T08:19:29","slug":"comprensione-critica-2","status":"publish","type":"post","link":"https:\/\/galileoeducational.net\/rivista\/comprensione-critica-2\/","title":{"rendered":"Comprensione critica"},"content":{"rendered":"\n<p><strong>La Comprensione Critica: Strumento di Autonomia e Consapevolezza nel Pensiero di Jacqueline Bickel<\/strong><\/p>\n\n\n\n<p>Nel percorso di sviluppo cognitivo e linguistico delineato da Jacqueline Bickel, la &#8220;comprensione critica&#8221; rappresenta uno stadio avanzato e indispensabile, che eleva il lettore da mero fruitore di informazioni a soggetto attivo, capace di valutare, discernere e trarre conclusioni autonome. Lungi dall&#8217;essere un&#8217;abilit\u00e0 innata, la capacit\u00e0 critica \u00e8 un costrutto complesso che richiede l&#8217;attivazione di processi mentali sofisticati, con ricadute profonde non solo sull&#8217;interpretazione testuale, ma sull&#8217;intera formazione dell&#8217;individuo.<\/p>\n\n\n\n<p>La valutazione critica, infatti, presuppone la capacit\u00e0 di <strong>fare rapidamente inferenze, percepire analogie e evocare ed applicare schemi astratti<\/strong>. Non si tratta pi\u00f9 solo di immedesimarsi emotivamente (come nella comprensione creativa), ma di analizzare la struttura sottostante, di connettere informazioni disparate e di confrontarle con modelli di conoscenza preesistenti. Questa agilit\u00e0 cognitiva permette al bambino di trascendere la superficie del testo e di penetrarne le implicazioni. Attraverso questa lente critica, i bambini possono rendersi conto che l&#8217;esito di una storia non \u00e8 un mero susseguirsi di eventi predeterminati, ma dipende intrinsecamente dal <strong>carattere dei protagonisti<\/strong> e dai <strong>sentimenti che hanno scatenato azioni e reazioni<\/strong>. Pi\u00f9 profondamente, essi comprendono che &#8220;lo svolgimento dei fatti e il finale non sono mai unici, ma solo i pi\u00f9 probabili fra i molti possibili&#8221;. Questa consapevolezza introduce il concetto di contingenza, di possibilit\u00e0 alternative, smantellando l&#8217;idea di una narrativa rigida e monodirezionale e aprendo la mente alla pluralit\u00e0 delle prospettive.<\/p>\n\n\n\n<p>Questo atteggiamento valutativo critico, tuttavia, non si limita all&#8217;analisi testuale. Bickel enfatizza come esso debba estendersi alla vita reale, aiutando i bambini a <strong>individuare in qualsiasi evento aspetti negativi e positivi<\/strong>. Questa bilanciata prospettiva \u00e8 fondamentale per un sano sviluppo emotivo e cognitivo, in quanto permette di &#8220;non sentirsi mai sopraffatti, ma anzi sempre in grado di apprezzare ci\u00f2 che la vita proporr\u00e0 loro&#8221;. Tale resilienza e capacit\u00e0 di apprezzamento nascono da un&#8217;analisi equilibrata delle situazioni, che riconosce la complessit\u00e0 della realt\u00e0 e la presenza di sfumature.<\/p>\n\n\n\n<p>Gli esiti di una solida comprensione critica sono molteplici e di vitale importanza per la formazione di cittadini consapevoli e autonomi. Essa porta i bambini a:<\/p>\n\n\n\n<ul class=\"wp-block-list\">\n<li><strong>Non prendere per oro colato tutto ci\u00f2 che trovano scritto<\/strong>: una competenza essenziale nell&#8217;era dell&#8217;informazione, dove la capacit\u00e0 di filtrare e verificare le fonti \u00e8 cruciale.<\/li>\n\n\n\n<li><strong>Differenziare i fatti dalle opinioni<\/strong>: una distinzione fondamentale per navigare il dibattito pubblico e formarsi un giudizio obiettivo.<\/li>\n\n\n\n<li><strong>Tentare di comprendere i problemi propri e quelli degli altri<\/strong>: sviluppando empatia e capacit\u00e0 di analisi delle complessit\u00e0 umane.<\/li>\n\n\n\n<li><strong>Prendere decisioni autonome<\/strong>: basate su una valutazione ponderata e non su impulsi o influenze esterne.<\/li>\n\n\n\n<li><strong>Evitare il conformismo<\/strong>: promuovendo il pensiero indipendente e la capacit\u00e0 di esprimere posizioni personali.<\/li>\n\n\n\n<li><strong>Sapere che \u00e8 meglio dare una risposta errata, che pu\u00f2 sempre essere corretta, piuttosto che non aver dato risposta alcuna o aderire passivamente a quelle altrui<\/strong>: un incoraggiamento alla partecipazione attiva, al rischio intellettuale e alla valorizzazione del processo di <span tabindex='0' class='glossary-item-container'>apprendimento<span class='glossary-item-hidden-content'><span class='glossary-item-header'>Apprendimento<\/span> <span class='glossary-item-description'>'Il SNC non sarebbe in grado di sviluppare in modo autonomo, solo sulla spinta offerta dal DNA, tutte le sue potenzialit\u00e0 di pensiero e di linguaggio, come talora d\u00e0 l'impressione di fare e come spesso viene erroneamente ritenuto. Sar\u00e0 invece compito di ogni bambino attivare all'interno del proprio SNC queste potenzialit\u00e0, con la costruzione di circuiti fra neuroni e ulteriori circuiti fra circuiti gi? formati, finendo anche col modificare intensamente dal punto di vista funzionale tutta la struttura nervosa disponibile. Questo attivo processo di costruzione si identifica con l'apprendimento. Apprendimento che ha luogo continuamente e intensamente soprattutto nei primi anni, durante ogni momento di veglia. Sostituire il concetto di sviluppo con il concetto di costruzione non \u00e8 soltanto un gioco di parole, ma un modo di orientare in forma completamente diversa l'ottica e il compito dell'educazione e dell'insegnamento. Infatti, mentre l'idea di sviluppo si ricollega alla graduale comparsa di qualcosa che \u00e8 predestinata gi\u00e0 fino dal concepimento, l'idea di costruzione comporta la riconsiderazione e la valorizzazione dell'opera degli educatori e di tutto il contesto ambientale che circonda il piccolo. ', 4578<\/span><\/span><\/span> attraverso l&#8217;errore.<\/li>\n<\/ul>\n\n\n\n<p>Questa capacit\u00e0 critica, il cui obiettivo \u00e8 trarre conclusioni, emettere giudizi e individuare la morale della storia, pu\u00f2 e deve essere esercitata pi\u00f9 intensamente soprattutto a partire dal <strong>secondo biennio della scuola primaria<\/strong>. \u00c8 in questa fase che le basi cognitive e linguistiche sono sufficientemente solide per supportare processi di pensiero pi\u00f9 astratti e complessi, permettendo ai bambini di applicare strumenti analitici a narrazioni sempre pi\u00f9 articolate e a situazioni reali.<\/p>\n\n\n\n<p>In conclusione, la comprensione critica, secondo Jacqueline Bickel, non \u00e8 un&#8217;abilit\u00e0 marginale o accessoria, ma un pilastro dell&#8217;educazione. Essa arma l&#8217;individuo con gli strumenti per decostruire il significato, valutare le informazioni, discernere le intenzioni e formarsi un giudizio indipendente. Promuovendo la capacit\u00e0 di non accettare passivamente, di analizzare prospettive diverse e di prendere decisioni autonome, la comprensione critica non solo migliora l&#8217;interazione con il testo, ma forgia cittadini responsabili e pensatori autonomi, capaci di affrontare la complessit\u00e0 del mondo con intelligenza e consapevolezza.<\/p>\n\n\n\n<figure class=\"wp-block-image size-full\"><img loading=\"lazy\" decoding=\"async\" width=\"512\" height=\"512\" src=\"https:\/\/galileoeducational.net\/rivista\/wp-content\/uploads\/2025\/10\/image-12.png\" alt=\"\" class=\"wp-image-891\" srcset=\"https:\/\/galileoeducational.net\/rivista\/wp-content\/uploads\/2025\/10\/image-12.png 512w, https:\/\/galileoeducational.net\/rivista\/wp-content\/uploads\/2025\/10\/image-12-300x300.png 300w, https:\/\/galileoeducational.net\/rivista\/wp-content\/uploads\/2025\/10\/image-12-150x150.png 150w\" sizes=\"auto, (max-width: 512px) 100vw, 512px\" \/><\/figure>\n","protected":false},"excerpt":{"rendered":"<p>La Comprensione Critica: Strumento di Autonomia e Consapevolezza nel Pensiero di Jacqueline Bickel Nel percorso di sviluppo cognitivo e linguistico delineato da Jacqueline Bickel, la &#8220;comprensione critica&#8221; rappresenta uno stadio avanzato e indispensabile, che eleva il lettore da mero fruitore di informazioni a soggetto attivo, capace di valutare, discernere e trarre conclusioni autonome. Lungi dall&#8217;essere [&hellip;]<\/p>\n","protected":false},"author":2,"featured_media":0,"comment_status":"open","ping_status":"open","sticky":false,"template":"","format":"standard","meta":{"_themeisle_gutenberg_block_has_review":false,"footnotes":""},"categories":[16],"tags":[],"class_list":["post-890","post","type-post","status-publish","format-standard","hentry","category-glossario"],"yoast_head":"<!-- This site is optimized with the Yoast SEO plugin v27.5 - https:\/\/yoast.com\/product\/yoast-seo-wordpress\/ -->\n<title>Comprensione critica - Rivista del metodo didattico Galileo for Education<\/title>\n<meta name=\"robots\" content=\"index, follow, max-snippet:-1, max-image-preview:large, max-video-preview:-1\" \/>\n<link rel=\"canonical\" href=\"https:\/\/galileoeducational.net\/rivista\/comprensione-critica-2\/\" \/>\n<meta property=\"og:locale\" content=\"it_IT\" \/>\n<meta property=\"og:type\" content=\"article\" \/>\n<meta property=\"og:title\" content=\"Comprensione critica - Rivista del metodo didattico Galileo for Education\" \/>\n<meta property=\"og:description\" content=\"La Comprensione Critica: Strumento di Autonomia e Consapevolezza nel Pensiero di Jacqueline Bickel Nel percorso di sviluppo cognitivo e linguistico delineato da Jacqueline Bickel, la &#8220;comprensione critica&#8221; rappresenta uno stadio avanzato e indispensabile, che eleva il lettore da mero fruitore di informazioni a soggetto attivo, capace di valutare, discernere e trarre conclusioni autonome. Lungi dall&#8217;essere [&hellip;]\" \/>\n<meta property=\"og:url\" content=\"https:\/\/galileoeducational.net\/rivista\/comprensione-critica-2\/\" \/>\n<meta property=\"og:site_name\" content=\"Rivista del metodo didattico Galileo for Education\" \/>\n<meta property=\"article:publisher\" content=\"https:\/\/www.facebook.com\/associazionegalileo\" \/>\n<meta property=\"article:published_time\" content=\"2025-10-09T08:19:28+00:00\" \/>\n<meta property=\"article:modified_time\" content=\"2025-10-09T08:19:29+00:00\" \/>\n<meta property=\"og:image\" content=\"https:\/\/galileoeducational.net\/rivista\/wp-content\/uploads\/2025\/10\/image-12.png\" \/>\n\t<meta property=\"og:image:width\" content=\"512\" \/>\n\t<meta property=\"og:image:height\" content=\"512\" \/>\n\t<meta property=\"og:image:type\" content=\"image\/png\" \/>\n<meta name=\"author\" content=\"Umberto Bertolini\" \/>\n<meta name=\"twitter:card\" content=\"summary_large_image\" \/>\n<meta name=\"twitter:label1\" content=\"Scritto da\" \/>\n\t<meta name=\"twitter:data1\" content=\"Umberto Bertolini\" \/>\n\t<meta name=\"twitter:label2\" content=\"Tempo di lettura stimato\" \/>\n\t<meta name=\"twitter:data2\" content=\"4 minuti\" \/>\n<script type=\"application\/ld+json\" class=\"yoast-schema-graph\">{\"@context\":\"https:\\\/\\\/schema.org\",\"@graph\":[{\"@type\":\"Article\",\"@id\":\"https:\\\/\\\/galileoeducational.net\\\/rivista\\\/comprensione-critica-2\\\/#article\",\"isPartOf\":{\"@id\":\"https:\\\/\\\/galileoeducational.net\\\/rivista\\\/comprensione-critica-2\\\/\"},\"author\":{\"name\":\"Umberto Bertolini\",\"@id\":\"https:\\\/\\\/galileoeducational.net\\\/rivista\\\/#\\\/schema\\\/person\\\/337e0fab6a6a255a4a78b07aaa5fa204\"},\"headline\":\"Comprensione critica\",\"datePublished\":\"2025-10-09T08:19:28+00:00\",\"dateModified\":\"2025-10-09T08:19:29+00:00\",\"mainEntityOfPage\":{\"@id\":\"https:\\\/\\\/galileoeducational.net\\\/rivista\\\/comprensione-critica-2\\\/\"},\"wordCount\":633,\"commentCount\":0,\"publisher\":{\"@id\":\"https:\\\/\\\/galileoeducational.net\\\/rivista\\\/#organization\"},\"image\":{\"@id\":\"https:\\\/\\\/galileoeducational.net\\\/rivista\\\/comprensione-critica-2\\\/#primaryimage\"},\"thumbnailUrl\":\"https:\\\/\\\/galileoeducational.net\\\/rivista\\\/wp-content\\\/uploads\\\/2025\\\/10\\\/image-12.png\",\"articleSection\":[\"Glossario\"],\"inLanguage\":\"it-IT\",\"potentialAction\":[{\"@type\":\"CommentAction\",\"name\":\"Comment\",\"target\":[\"https:\\\/\\\/galileoeducational.net\\\/rivista\\\/comprensione-critica-2\\\/#respond\"]}]},{\"@type\":\"WebPage\",\"@id\":\"https:\\\/\\\/galileoeducational.net\\\/rivista\\\/comprensione-critica-2\\\/\",\"url\":\"https:\\\/\\\/galileoeducational.net\\\/rivista\\\/comprensione-critica-2\\\/\",\"name\":\"Comprensione critica - Rivista del metodo didattico Galileo for Education\",\"isPartOf\":{\"@id\":\"https:\\\/\\\/galileoeducational.net\\\/rivista\\\/#website\"},\"primaryImageOfPage\":{\"@id\":\"https:\\\/\\\/galileoeducational.net\\\/rivista\\\/comprensione-critica-2\\\/#primaryimage\"},\"image\":{\"@id\":\"https:\\\/\\\/galileoeducational.net\\\/rivista\\\/comprensione-critica-2\\\/#primaryimage\"},\"thumbnailUrl\":\"https:\\\/\\\/galileoeducational.net\\\/rivista\\\/wp-content\\\/uploads\\\/2025\\\/10\\\/image-12.png\",\"datePublished\":\"2025-10-09T08:19:28+00:00\",\"dateModified\":\"2025-10-09T08:19:29+00:00\",\"breadcrumb\":{\"@id\":\"https:\\\/\\\/galileoeducational.net\\\/rivista\\\/comprensione-critica-2\\\/#breadcrumb\"},\"inLanguage\":\"it-IT\",\"potentialAction\":[{\"@type\":\"ReadAction\",\"target\":[\"https:\\\/\\\/galileoeducational.net\\\/rivista\\\/comprensione-critica-2\\\/\"]}]},{\"@type\":\"ImageObject\",\"inLanguage\":\"it-IT\",\"@id\":\"https:\\\/\\\/galileoeducational.net\\\/rivista\\\/comprensione-critica-2\\\/#primaryimage\",\"url\":\"https:\\\/\\\/galileoeducational.net\\\/rivista\\\/wp-content\\\/uploads\\\/2025\\\/10\\\/image-12.png\",\"contentUrl\":\"https:\\\/\\\/galileoeducational.net\\\/rivista\\\/wp-content\\\/uploads\\\/2025\\\/10\\\/image-12.png\",\"width\":512,\"height\":512},{\"@type\":\"BreadcrumbList\",\"@id\":\"https:\\\/\\\/galileoeducational.net\\\/rivista\\\/comprensione-critica-2\\\/#breadcrumb\",\"itemListElement\":[{\"@type\":\"ListItem\",\"position\":1,\"name\":\"Home\",\"item\":\"https:\\\/\\\/galileoeducational.net\\\/rivista\\\/\"},{\"@type\":\"ListItem\",\"position\":2,\"name\":\"Comprensione critica\"}]},{\"@type\":\"WebSite\",\"@id\":\"https:\\\/\\\/galileoeducational.net\\\/rivista\\\/#website\",\"url\":\"https:\\\/\\\/galileoeducational.net\\\/rivista\\\/\",\"name\":\"Rivista del Metodo Galileo for Education\",\"description\":\"per un insegnamento efficace\",\"publisher\":{\"@id\":\"https:\\\/\\\/galileoeducational.net\\\/rivista\\\/#organization\"},\"potentialAction\":[{\"@type\":\"SearchAction\",\"target\":{\"@type\":\"EntryPoint\",\"urlTemplate\":\"https:\\\/\\\/galileoeducational.net\\\/rivista\\\/?s={search_term_string}\"},\"query-input\":{\"@type\":\"PropertyValueSpecification\",\"valueRequired\":true,\"valueName\":\"search_term_string\"}}],\"inLanguage\":\"it-IT\"},{\"@type\":\"Organization\",\"@id\":\"https:\\\/\\\/galileoeducational.net\\\/rivista\\\/#organization\",\"name\":\"Associazione Galileo\",\"url\":\"https:\\\/\\\/galileoeducational.net\\\/rivista\\\/\",\"logo\":{\"@type\":\"ImageObject\",\"inLanguage\":\"it-IT\",\"@id\":\"https:\\\/\\\/galileoeducational.net\\\/rivista\\\/#\\\/schema\\\/logo\\\/image\\\/\",\"url\":\"https:\\\/\\\/galileoeducational.net\\\/rivista\\\/wp-content\\\/uploads\\\/2024\\\/01\\\/logoassSito11-copia-350.jpg\",\"contentUrl\":\"https:\\\/\\\/galileoeducational.net\\\/rivista\\\/wp-content\\\/uploads\\\/2024\\\/01\\\/logoassSito11-copia-350.jpg\",\"width\":350,\"height\":105,\"caption\":\"Associazione Galileo\"},\"image\":{\"@id\":\"https:\\\/\\\/galileoeducational.net\\\/rivista\\\/#\\\/schema\\\/logo\\\/image\\\/\"},\"sameAs\":[\"https:\\\/\\\/www.facebook.com\\\/associazionegalileo\"]},{\"@type\":\"Person\",\"@id\":\"https:\\\/\\\/galileoeducational.net\\\/rivista\\\/#\\\/schema\\\/person\\\/337e0fab6a6a255a4a78b07aaa5fa204\",\"name\":\"Umberto Bertolini\",\"image\":{\"@type\":\"ImageObject\",\"inLanguage\":\"it-IT\",\"@id\":\"https:\\\/\\\/secure.gravatar.com\\\/avatar\\\/1226000365bdcd24a5eecea00510f2fd5d8505096b9063fa2614da1afe9c1c2c?s=96&d=mm&r=g\",\"url\":\"https:\\\/\\\/secure.gravatar.com\\\/avatar\\\/1226000365bdcd24a5eecea00510f2fd5d8505096b9063fa2614da1afe9c1c2c?s=96&d=mm&r=g\",\"contentUrl\":\"https:\\\/\\\/secure.gravatar.com\\\/avatar\\\/1226000365bdcd24a5eecea00510f2fd5d8505096b9063fa2614da1afe9c1c2c?s=96&d=mm&r=g\",\"caption\":\"Umberto Bertolini\"},\"sameAs\":[\"https:\\\/\\\/serchio.net\"],\"url\":\"https:\\\/\\\/galileoeducational.net\\\/rivista\\\/author\\\/umberto\\\/\"}]}<\/script>\n<!-- \/ Yoast SEO plugin. -->","yoast_head_json":{"title":"Comprensione critica - Rivista del metodo didattico Galileo for Education","robots":{"index":"index","follow":"follow","max-snippet":"max-snippet:-1","max-image-preview":"max-image-preview:large","max-video-preview":"max-video-preview:-1"},"canonical":"https:\/\/galileoeducational.net\/rivista\/comprensione-critica-2\/","og_locale":"it_IT","og_type":"article","og_title":"Comprensione critica - Rivista del metodo didattico Galileo for Education","og_description":"La Comprensione Critica: Strumento di Autonomia e Consapevolezza nel Pensiero di Jacqueline Bickel Nel percorso di sviluppo cognitivo e linguistico delineato da Jacqueline Bickel, la &#8220;comprensione critica&#8221; rappresenta uno stadio avanzato e indispensabile, che eleva il lettore da mero fruitore di informazioni a soggetto attivo, capace di valutare, discernere e trarre conclusioni autonome. Lungi dall&#8217;essere [&hellip;]","og_url":"https:\/\/galileoeducational.net\/rivista\/comprensione-critica-2\/","og_site_name":"Rivista del metodo didattico Galileo for Education","article_publisher":"https:\/\/www.facebook.com\/associazionegalileo","article_published_time":"2025-10-09T08:19:28+00:00","article_modified_time":"2025-10-09T08:19:29+00:00","og_image":[{"width":512,"height":512,"url":"https:\/\/galileoeducational.net\/rivista\/wp-content\/uploads\/2025\/10\/image-12.png","type":"image\/png"}],"author":"Umberto Bertolini","twitter_card":"summary_large_image","twitter_misc":{"Scritto da":"Umberto Bertolini","Tempo di lettura stimato":"4 minuti"},"schema":{"@context":"https:\/\/schema.org","@graph":[{"@type":"Article","@id":"https:\/\/galileoeducational.net\/rivista\/comprensione-critica-2\/#article","isPartOf":{"@id":"https:\/\/galileoeducational.net\/rivista\/comprensione-critica-2\/"},"author":{"name":"Umberto Bertolini","@id":"https:\/\/galileoeducational.net\/rivista\/#\/schema\/person\/337e0fab6a6a255a4a78b07aaa5fa204"},"headline":"Comprensione critica","datePublished":"2025-10-09T08:19:28+00:00","dateModified":"2025-10-09T08:19:29+00:00","mainEntityOfPage":{"@id":"https:\/\/galileoeducational.net\/rivista\/comprensione-critica-2\/"},"wordCount":633,"commentCount":0,"publisher":{"@id":"https:\/\/galileoeducational.net\/rivista\/#organization"},"image":{"@id":"https:\/\/galileoeducational.net\/rivista\/comprensione-critica-2\/#primaryimage"},"thumbnailUrl":"https:\/\/galileoeducational.net\/rivista\/wp-content\/uploads\/2025\/10\/image-12.png","articleSection":["Glossario"],"inLanguage":"it-IT","potentialAction":[{"@type":"CommentAction","name":"Comment","target":["https:\/\/galileoeducational.net\/rivista\/comprensione-critica-2\/#respond"]}]},{"@type":"WebPage","@id":"https:\/\/galileoeducational.net\/rivista\/comprensione-critica-2\/","url":"https:\/\/galileoeducational.net\/rivista\/comprensione-critica-2\/","name":"Comprensione critica - Rivista del metodo didattico Galileo for Education","isPartOf":{"@id":"https:\/\/galileoeducational.net\/rivista\/#website"},"primaryImageOfPage":{"@id":"https:\/\/galileoeducational.net\/rivista\/comprensione-critica-2\/#primaryimage"},"image":{"@id":"https:\/\/galileoeducational.net\/rivista\/comprensione-critica-2\/#primaryimage"},"thumbnailUrl":"https:\/\/galileoeducational.net\/rivista\/wp-content\/uploads\/2025\/10\/image-12.png","datePublished":"2025-10-09T08:19:28+00:00","dateModified":"2025-10-09T08:19:29+00:00","breadcrumb":{"@id":"https:\/\/galileoeducational.net\/rivista\/comprensione-critica-2\/#breadcrumb"},"inLanguage":"it-IT","potentialAction":[{"@type":"ReadAction","target":["https:\/\/galileoeducational.net\/rivista\/comprensione-critica-2\/"]}]},{"@type":"ImageObject","inLanguage":"it-IT","@id":"https:\/\/galileoeducational.net\/rivista\/comprensione-critica-2\/#primaryimage","url":"https:\/\/galileoeducational.net\/rivista\/wp-content\/uploads\/2025\/10\/image-12.png","contentUrl":"https:\/\/galileoeducational.net\/rivista\/wp-content\/uploads\/2025\/10\/image-12.png","width":512,"height":512},{"@type":"BreadcrumbList","@id":"https:\/\/galileoeducational.net\/rivista\/comprensione-critica-2\/#breadcrumb","itemListElement":[{"@type":"ListItem","position":1,"name":"Home","item":"https:\/\/galileoeducational.net\/rivista\/"},{"@type":"ListItem","position":2,"name":"Comprensione critica"}]},{"@type":"WebSite","@id":"https:\/\/galileoeducational.net\/rivista\/#website","url":"https:\/\/galileoeducational.net\/rivista\/","name":"Rivista del Metodo Galileo for Education","description":"per un insegnamento efficace","publisher":{"@id":"https:\/\/galileoeducational.net\/rivista\/#organization"},"potentialAction":[{"@type":"SearchAction","target":{"@type":"EntryPoint","urlTemplate":"https:\/\/galileoeducational.net\/rivista\/?s={search_term_string}"},"query-input":{"@type":"PropertyValueSpecification","valueRequired":true,"valueName":"search_term_string"}}],"inLanguage":"it-IT"},{"@type":"Organization","@id":"https:\/\/galileoeducational.net\/rivista\/#organization","name":"Associazione Galileo","url":"https:\/\/galileoeducational.net\/rivista\/","logo":{"@type":"ImageObject","inLanguage":"it-IT","@id":"https:\/\/galileoeducational.net\/rivista\/#\/schema\/logo\/image\/","url":"https:\/\/galileoeducational.net\/rivista\/wp-content\/uploads\/2024\/01\/logoassSito11-copia-350.jpg","contentUrl":"https:\/\/galileoeducational.net\/rivista\/wp-content\/uploads\/2024\/01\/logoassSito11-copia-350.jpg","width":350,"height":105,"caption":"Associazione Galileo"},"image":{"@id":"https:\/\/galileoeducational.net\/rivista\/#\/schema\/logo\/image\/"},"sameAs":["https:\/\/www.facebook.com\/associazionegalileo"]},{"@type":"Person","@id":"https:\/\/galileoeducational.net\/rivista\/#\/schema\/person\/337e0fab6a6a255a4a78b07aaa5fa204","name":"Umberto Bertolini","image":{"@type":"ImageObject","inLanguage":"it-IT","@id":"https:\/\/secure.gravatar.com\/avatar\/1226000365bdcd24a5eecea00510f2fd5d8505096b9063fa2614da1afe9c1c2c?s=96&d=mm&r=g","url":"https:\/\/secure.gravatar.com\/avatar\/1226000365bdcd24a5eecea00510f2fd5d8505096b9063fa2614da1afe9c1c2c?s=96&d=mm&r=g","contentUrl":"https:\/\/secure.gravatar.com\/avatar\/1226000365bdcd24a5eecea00510f2fd5d8505096b9063fa2614da1afe9c1c2c?s=96&d=mm&r=g","caption":"Umberto Bertolini"},"sameAs":["https:\/\/serchio.net"],"url":"https:\/\/galileoeducational.net\/rivista\/author\/umberto\/"}]}},"_links":{"self":[{"href":"https:\/\/galileoeducational.net\/rivista\/wp-json\/wp\/v2\/posts\/890","targetHints":{"allow":["GET"]}}],"collection":[{"href":"https:\/\/galileoeducational.net\/rivista\/wp-json\/wp\/v2\/posts"}],"about":[{"href":"https:\/\/galileoeducational.net\/rivista\/wp-json\/wp\/v2\/types\/post"}],"author":[{"embeddable":true,"href":"https:\/\/galileoeducational.net\/rivista\/wp-json\/wp\/v2\/users\/2"}],"replies":[{"embeddable":true,"href":"https:\/\/galileoeducational.net\/rivista\/wp-json\/wp\/v2\/comments?post=890"}],"version-history":[{"count":1,"href":"https:\/\/galileoeducational.net\/rivista\/wp-json\/wp\/v2\/posts\/890\/revisions"}],"predecessor-version":[{"id":892,"href":"https:\/\/galileoeducational.net\/rivista\/wp-json\/wp\/v2\/posts\/890\/revisions\/892"}],"wp:attachment":[{"href":"https:\/\/galileoeducational.net\/rivista\/wp-json\/wp\/v2\/media?parent=890"}],"wp:term":[{"taxonomy":"category","embeddable":true,"href":"https:\/\/galileoeducational.net\/rivista\/wp-json\/wp\/v2\/categories?post=890"},{"taxonomy":"post_tag","embeddable":true,"href":"https:\/\/galileoeducational.net\/rivista\/wp-json\/wp\/v2\/tags?post=890"}],"curies":[{"name":"wp","href":"https:\/\/api.w.org\/{rel}","templated":true}]}}