{"id":716,"date":"2025-09-27T10:07:32","date_gmt":"2025-09-27T09:07:32","guid":{"rendered":"https:\/\/galileoeducational.net\/rivista\/?p=716"},"modified":"2025-09-27T10:07:34","modified_gmt":"2025-09-27T09:07:34","slug":"causa","status":"publish","type":"post","link":"https:\/\/galileoeducational.net\/rivista\/causa\/","title":{"rendered":"Causa"},"content":{"rendered":"\n<p>La comprensione del concetto di <strong>causa<\/strong> \u00e8 una delle pietre angolari dello sviluppo cognitivo umano, permettendoci di interpretare il mondo non come una sequenza casuale di eventi, ma come una rete interconnessa di relazioni logiche. Secondo Jacqueline Bickel, questa capacit\u00e0, sebbene presente a un livello adattivo fin dalla tenera et\u00e0, fiorisce pienamente con lo sviluppo del linguaggio e richiede prerequisiti cognitivi specifici legati alla rappresentazione spazio-temporale e all&#8217;elaborazione delle informazioni.<\/p>\n\n\n\n<p>Bickel sottolinea che la &#8220;capacit\u00e0 di rappresentare mentalmente cose ed eventi in termini di spazio e di tempo, e di operare su tali rappresentazioni, sono prerequisiti per la comprensione delle relazioni causali.&#8221; Prima ancora di poter collegare un evento a un altro in termini di causalit\u00e0, un individuo deve essere in grado di posizionare mentalmente questi eventi in una sequenza temporale e, spesso, in un contesto spaziale. Questo permette di distinguere ci\u00f2 che precede da ci\u00f2 che segue, e di percepire una contiguit\u00e0 che \u00e8 spesso indicativa di una relazione causale. Operare su queste rappresentazioni significa manipolarle mentalmente, confrontandole e ipotizzando collegamenti.<\/p>\n\n\n\n<p>\u00c8 affascinante notare come i bambini dimostrino una precoce abilit\u00e0 nell&#8217;utilizzare &#8220;semplici rapporti di causa\/effetto a livello di comportamento adattato.&#8221; Il bambino che associa l&#8217;arrivo del bavaglino alla pappa, o il cappotto all&#8217;imminente uscita, sta gi\u00e0 operando con una comprensione implicita di causa-effetto. Queste sono inferenze basate sull&#8217;esperienza e sulla regolarit\u00e0 degli eventi. Tuttavia, Bickel osserva che essi &#8220;dimostrano di cominciare a rendersi conto di questo modo di operare della loro mente solo dal momento della comparsa del linguaggio parlato e dei loro infiniti &#8216;Perch\u00e9&#8230;??&#8217;.&#8221; Il &#8220;Perch\u00e9&#8230;?&#8221; non \u00e8 solo una domanda curiosa, ma la manifestazione esterna di un processo cognitivo interno di ricerca della causalit\u00e0. Con il linguaggio, il bambino pu\u00f2 non solo agire in base a queste relazioni, ma esplicitarle, indagarle e concettualizzarle. Il linguaggio fornisce gli strumenti per articolare la domanda e, potenzialmente, la risposta.<\/p>\n\n\n\n<p>La percezione di una causa e di un effetto \u00e8 un&#8217;operazione mentale complessa, ulteriormente &#8220;favorita dall&#8217;aumento della durata dell&#8217;attenzione e della capienza della memoria di lavoro.&#8221; Per collegare un evento A a un evento B, \u00e8 necessario tenere entrambi presenti nella mente per un tempo sufficiente (attenzione prolungata) e manipolarli attivamente (memoria di lavoro). Se l&#8217;attenzione \u00e8 troppo breve o la memoria di lavoro insufficiente, la relazione tra i due eventi pu\u00f2 sfuggire. La capacit\u00e0 di sostenere l&#8217;attenzione permette di osservare la sequenza di eventi e la memoria di lavoro consente di confrontarli e stabilire il legame.<\/p>\n\n\n\n<p>Ma \u00e8 la &#8220;compressione dei contenuti dovuta alla codifica linguistica&#8221; che offre un salto di qualit\u00e0 nella comprensione causale. &#8220;Il linguaggio, infatti, consente di introdurre e tenere presente, oltre ai due contenuti da mettere in relazione fra loro, anche un terzo elemento od evento, considerato l&#8217;elemento o l&#8217;evento normale o abituale, che deve essere introdotto come termine di confronto per spiegare l&#8217;eccezionalit\u00e0.&#8221; Questo \u00e8 un punto di sofisticazione cruciale. Per comprendere veramente una relazione causale, non basta collegare A a B; spesso \u00e8 necessario confrontarla con ci\u00f2 che sarebbe <em>normalmente<\/em> accaduto o ci\u00f2 che <em>normalmente<\/em> non accade.<\/p>\n\n\n\n<p>Ad esempio, se un bambino chiede &#8220;Perch\u00e9 il mio giocattolo \u00e8 rotto?&#8221; (effetto), la causa potrebbe essere &#8220;\u00e8 caduto&#8221; (causa diretta). Ma il linguaggio permette di andare oltre: &#8220;Normalmente i giocattoli non si rompono quando cadono da questa altezza, ma il tuo era gi\u00e0 un po&#8217; vecchio&#8221; (introduzione dell&#8217;elemento abituale\/normale come confronto per spiegare l&#8217;eccezionalit\u00e0). Questa capacit\u00e0 di contrastare l&#8217;evento causale con il suo &#8220;controfattuale&#8221; o con la &#8220;norma&#8221; consente una comprensione pi\u00f9 ricca e profonda del perch\u00e9 le cose accadono in un certo modo e non in un altro. Il linguaggio, attraverso parole come &#8220;perch\u00e9&#8221;, &#8220;quindi&#8221;, &#8220;se&#8230; allora&#8221;, non solo esprime la causalit\u00e0 ma ne modella anche la nostra capacit\u00e0 di pensarla.<\/p>\n\n\n\n<p>In conclusione, la comprensione della causalit\u00e0 \u00e8 un processo evolutivo che si radica nelle capacit\u00e0 di rappresentazione spazio-temporale e si potenzia enormemente con lo sviluppo del linguaggio. Nonostante i bambini dimostrino una comprensione adattiva precoce, \u00e8 con la capacit\u00e0 di porre i &#8220;Perch\u00e9&#8221; che la consapevolezza della causalit\u00e0 emerge. L&#8217;aumento dell&#8217;attenzione e della memoria di lavoro, unito alla compressione linguistica dei contenuti, permette di analizzare le relazioni causali con una profondit\u00e0 crescente, introducendo anche il fondamentale confronto con l&#8217;evento &#8220;normale&#8221; o &#8220;abituale&#8221; per spiegare l&#8217;eccezione. La parola &#8220;causa&#8221;, quindi, \u00e8 molto pi\u00f9 di un semplice concetto; \u00e8 la porta d&#8217;accesso a una visione strutturata e predittiva del mondo.<\/p>\n\n\n\n<figure class=\"wp-block-image size-full\"><img loading=\"lazy\" decoding=\"async\" width=\"1024\" height=\"1024\" src=\"https:\/\/galileoeducational.net\/rivista\/wp-content\/uploads\/2025\/09\/Causa.png\" alt=\"\" class=\"wp-image-717\" srcset=\"https:\/\/galileoeducational.net\/rivista\/wp-content\/uploads\/2025\/09\/Causa.png 1024w, https:\/\/galileoeducational.net\/rivista\/wp-content\/uploads\/2025\/09\/Causa-300x300.png 300w, https:\/\/galileoeducational.net\/rivista\/wp-content\/uploads\/2025\/09\/Causa-150x150.png 150w, https:\/\/galileoeducational.net\/rivista\/wp-content\/uploads\/2025\/09\/Causa-768x768.png 768w\" sizes=\"auto, (max-width: 1024px) 100vw, 1024px\" \/><\/figure>\n","protected":false},"excerpt":{"rendered":"<p>La comprensione del concetto di causa \u00e8 una delle pietre angolari dello sviluppo cognitivo umano, permettendoci di interpretare il mondo non come una sequenza casuale di eventi, ma come una rete interconnessa di relazioni logiche. Secondo Jacqueline Bickel, questa capacit\u00e0, sebbene presente a un livello adattivo fin dalla tenera et\u00e0, fiorisce pienamente con lo sviluppo [&hellip;]<\/p>\n","protected":false},"author":2,"featured_media":0,"comment_status":"open","ping_status":"open","sticky":false,"template":"","format":"standard","meta":{"_themeisle_gutenberg_block_has_review":false,"footnotes":""},"categories":[16],"tags":[],"class_list":["post-716","post","type-post","status-publish","format-standard","hentry","category-glossario"],"yoast_head":"<!-- This site is optimized with the Yoast SEO plugin v27.5 - https:\/\/yoast.com\/product\/yoast-seo-wordpress\/ -->\n<title>Causa - Rivista del metodo didattico Galileo for Education<\/title>\n<meta name=\"robots\" content=\"index, follow, max-snippet:-1, max-image-preview:large, max-video-preview:-1\" \/>\n<link rel=\"canonical\" href=\"https:\/\/galileoeducational.net\/rivista\/causa\/\" \/>\n<meta property=\"og:locale\" content=\"it_IT\" \/>\n<meta property=\"og:type\" content=\"article\" \/>\n<meta property=\"og:title\" content=\"Causa - Rivista del metodo didattico Galileo for Education\" \/>\n<meta property=\"og:description\" content=\"La comprensione del concetto di causa \u00e8 una delle pietre angolari dello sviluppo cognitivo umano, permettendoci di interpretare il mondo non come una sequenza casuale di eventi, ma come una rete interconnessa di relazioni logiche. Secondo Jacqueline Bickel, questa capacit\u00e0, sebbene presente a un livello adattivo fin dalla tenera et\u00e0, fiorisce pienamente con lo sviluppo [&hellip;]\" \/>\n<meta property=\"og:url\" content=\"https:\/\/galileoeducational.net\/rivista\/causa\/\" \/>\n<meta property=\"og:site_name\" content=\"Rivista del metodo didattico Galileo for Education\" \/>\n<meta property=\"article:publisher\" content=\"https:\/\/www.facebook.com\/associazionegalileo\" \/>\n<meta property=\"article:published_time\" content=\"2025-09-27T09:07:32+00:00\" \/>\n<meta property=\"article:modified_time\" content=\"2025-09-27T09:07:34+00:00\" \/>\n<meta property=\"og:image\" content=\"https:\/\/galileoeducational.net\/rivista\/wp-content\/uploads\/2025\/09\/Causa.png\" \/>\n\t<meta property=\"og:image:width\" content=\"1024\" \/>\n\t<meta property=\"og:image:height\" content=\"1024\" \/>\n\t<meta property=\"og:image:type\" content=\"image\/png\" \/>\n<meta name=\"author\" content=\"Umberto Bertolini\" \/>\n<meta name=\"twitter:card\" content=\"summary_large_image\" \/>\n<meta name=\"twitter:label1\" content=\"Scritto da\" \/>\n\t<meta name=\"twitter:data1\" content=\"Umberto Bertolini\" \/>\n\t<meta name=\"twitter:label2\" content=\"Tempo di lettura stimato\" \/>\n\t<meta name=\"twitter:data2\" content=\"5 minuti\" \/>\n<script type=\"application\/ld+json\" class=\"yoast-schema-graph\">{\"@context\":\"https:\\\/\\\/schema.org\",\"@graph\":[{\"@type\":\"Article\",\"@id\":\"https:\\\/\\\/galileoeducational.net\\\/rivista\\\/causa\\\/#article\",\"isPartOf\":{\"@id\":\"https:\\\/\\\/galileoeducational.net\\\/rivista\\\/causa\\\/\"},\"author\":{\"name\":\"Umberto Bertolini\",\"@id\":\"https:\\\/\\\/galileoeducational.net\\\/rivista\\\/#\\\/schema\\\/person\\\/337e0fab6a6a255a4a78b07aaa5fa204\"},\"headline\":\"Causa\",\"datePublished\":\"2025-09-27T09:07:32+00:00\",\"dateModified\":\"2025-09-27T09:07:34+00:00\",\"mainEntityOfPage\":{\"@id\":\"https:\\\/\\\/galileoeducational.net\\\/rivista\\\/causa\\\/\"},\"wordCount\":713,\"commentCount\":0,\"publisher\":{\"@id\":\"https:\\\/\\\/galileoeducational.net\\\/rivista\\\/#organization\"},\"image\":{\"@id\":\"https:\\\/\\\/galileoeducational.net\\\/rivista\\\/causa\\\/#primaryimage\"},\"thumbnailUrl\":\"https:\\\/\\\/galileoeducational.net\\\/rivista\\\/wp-content\\\/uploads\\\/2025\\\/09\\\/Causa.png\",\"articleSection\":[\"Glossario\"],\"inLanguage\":\"it-IT\",\"potentialAction\":[{\"@type\":\"CommentAction\",\"name\":\"Comment\",\"target\":[\"https:\\\/\\\/galileoeducational.net\\\/rivista\\\/causa\\\/#respond\"]}]},{\"@type\":\"WebPage\",\"@id\":\"https:\\\/\\\/galileoeducational.net\\\/rivista\\\/causa\\\/\",\"url\":\"https:\\\/\\\/galileoeducational.net\\\/rivista\\\/causa\\\/\",\"name\":\"Causa - Rivista del metodo didattico Galileo for Education\",\"isPartOf\":{\"@id\":\"https:\\\/\\\/galileoeducational.net\\\/rivista\\\/#website\"},\"primaryImageOfPage\":{\"@id\":\"https:\\\/\\\/galileoeducational.net\\\/rivista\\\/causa\\\/#primaryimage\"},\"image\":{\"@id\":\"https:\\\/\\\/galileoeducational.net\\\/rivista\\\/causa\\\/#primaryimage\"},\"thumbnailUrl\":\"https:\\\/\\\/galileoeducational.net\\\/rivista\\\/wp-content\\\/uploads\\\/2025\\\/09\\\/Causa.png\",\"datePublished\":\"2025-09-27T09:07:32+00:00\",\"dateModified\":\"2025-09-27T09:07:34+00:00\",\"breadcrumb\":{\"@id\":\"https:\\\/\\\/galileoeducational.net\\\/rivista\\\/causa\\\/#breadcrumb\"},\"inLanguage\":\"it-IT\",\"potentialAction\":[{\"@type\":\"ReadAction\",\"target\":[\"https:\\\/\\\/galileoeducational.net\\\/rivista\\\/causa\\\/\"]}]},{\"@type\":\"ImageObject\",\"inLanguage\":\"it-IT\",\"@id\":\"https:\\\/\\\/galileoeducational.net\\\/rivista\\\/causa\\\/#primaryimage\",\"url\":\"https:\\\/\\\/galileoeducational.net\\\/rivista\\\/wp-content\\\/uploads\\\/2025\\\/09\\\/Causa.png\",\"contentUrl\":\"https:\\\/\\\/galileoeducational.net\\\/rivista\\\/wp-content\\\/uploads\\\/2025\\\/09\\\/Causa.png\",\"width\":1024,\"height\":1024},{\"@type\":\"BreadcrumbList\",\"@id\":\"https:\\\/\\\/galileoeducational.net\\\/rivista\\\/causa\\\/#breadcrumb\",\"itemListElement\":[{\"@type\":\"ListItem\",\"position\":1,\"name\":\"Home\",\"item\":\"https:\\\/\\\/galileoeducational.net\\\/rivista\\\/\"},{\"@type\":\"ListItem\",\"position\":2,\"name\":\"Causa\"}]},{\"@type\":\"WebSite\",\"@id\":\"https:\\\/\\\/galileoeducational.net\\\/rivista\\\/#website\",\"url\":\"https:\\\/\\\/galileoeducational.net\\\/rivista\\\/\",\"name\":\"Rivista del Metodo Galileo for Education\",\"description\":\"per un insegnamento efficace\",\"publisher\":{\"@id\":\"https:\\\/\\\/galileoeducational.net\\\/rivista\\\/#organization\"},\"potentialAction\":[{\"@type\":\"SearchAction\",\"target\":{\"@type\":\"EntryPoint\",\"urlTemplate\":\"https:\\\/\\\/galileoeducational.net\\\/rivista\\\/?s={search_term_string}\"},\"query-input\":{\"@type\":\"PropertyValueSpecification\",\"valueRequired\":true,\"valueName\":\"search_term_string\"}}],\"inLanguage\":\"it-IT\"},{\"@type\":\"Organization\",\"@id\":\"https:\\\/\\\/galileoeducational.net\\\/rivista\\\/#organization\",\"name\":\"Associazione Galileo\",\"url\":\"https:\\\/\\\/galileoeducational.net\\\/rivista\\\/\",\"logo\":{\"@type\":\"ImageObject\",\"inLanguage\":\"it-IT\",\"@id\":\"https:\\\/\\\/galileoeducational.net\\\/rivista\\\/#\\\/schema\\\/logo\\\/image\\\/\",\"url\":\"https:\\\/\\\/galileoeducational.net\\\/rivista\\\/wp-content\\\/uploads\\\/2024\\\/01\\\/logoassSito11-copia-350.jpg\",\"contentUrl\":\"https:\\\/\\\/galileoeducational.net\\\/rivista\\\/wp-content\\\/uploads\\\/2024\\\/01\\\/logoassSito11-copia-350.jpg\",\"width\":350,\"height\":105,\"caption\":\"Associazione Galileo\"},\"image\":{\"@id\":\"https:\\\/\\\/galileoeducational.net\\\/rivista\\\/#\\\/schema\\\/logo\\\/image\\\/\"},\"sameAs\":[\"https:\\\/\\\/www.facebook.com\\\/associazionegalileo\"]},{\"@type\":\"Person\",\"@id\":\"https:\\\/\\\/galileoeducational.net\\\/rivista\\\/#\\\/schema\\\/person\\\/337e0fab6a6a255a4a78b07aaa5fa204\",\"name\":\"Umberto Bertolini\",\"image\":{\"@type\":\"ImageObject\",\"inLanguage\":\"it-IT\",\"@id\":\"https:\\\/\\\/secure.gravatar.com\\\/avatar\\\/1226000365bdcd24a5eecea00510f2fd5d8505096b9063fa2614da1afe9c1c2c?s=96&d=mm&r=g\",\"url\":\"https:\\\/\\\/secure.gravatar.com\\\/avatar\\\/1226000365bdcd24a5eecea00510f2fd5d8505096b9063fa2614da1afe9c1c2c?s=96&d=mm&r=g\",\"contentUrl\":\"https:\\\/\\\/secure.gravatar.com\\\/avatar\\\/1226000365bdcd24a5eecea00510f2fd5d8505096b9063fa2614da1afe9c1c2c?s=96&d=mm&r=g\",\"caption\":\"Umberto Bertolini\"},\"sameAs\":[\"https:\\\/\\\/serchio.net\"],\"url\":\"https:\\\/\\\/galileoeducational.net\\\/rivista\\\/author\\\/umberto\\\/\"}]}<\/script>\n<!-- \/ Yoast SEO plugin. -->","yoast_head_json":{"title":"Causa - Rivista del metodo didattico Galileo for Education","robots":{"index":"index","follow":"follow","max-snippet":"max-snippet:-1","max-image-preview":"max-image-preview:large","max-video-preview":"max-video-preview:-1"},"canonical":"https:\/\/galileoeducational.net\/rivista\/causa\/","og_locale":"it_IT","og_type":"article","og_title":"Causa - Rivista del metodo didattico Galileo for Education","og_description":"La comprensione del concetto di causa \u00e8 una delle pietre angolari dello sviluppo cognitivo umano, permettendoci di interpretare il mondo non come una sequenza casuale di eventi, ma come una rete interconnessa di relazioni logiche. Secondo Jacqueline Bickel, questa capacit\u00e0, sebbene presente a un livello adattivo fin dalla tenera et\u00e0, fiorisce pienamente con lo sviluppo [&hellip;]","og_url":"https:\/\/galileoeducational.net\/rivista\/causa\/","og_site_name":"Rivista del metodo didattico Galileo for Education","article_publisher":"https:\/\/www.facebook.com\/associazionegalileo","article_published_time":"2025-09-27T09:07:32+00:00","article_modified_time":"2025-09-27T09:07:34+00:00","og_image":[{"width":1024,"height":1024,"url":"https:\/\/galileoeducational.net\/rivista\/wp-content\/uploads\/2025\/09\/Causa.png","type":"image\/png"}],"author":"Umberto Bertolini","twitter_card":"summary_large_image","twitter_misc":{"Scritto da":"Umberto Bertolini","Tempo di lettura stimato":"5 minuti"},"schema":{"@context":"https:\/\/schema.org","@graph":[{"@type":"Article","@id":"https:\/\/galileoeducational.net\/rivista\/causa\/#article","isPartOf":{"@id":"https:\/\/galileoeducational.net\/rivista\/causa\/"},"author":{"name":"Umberto Bertolini","@id":"https:\/\/galileoeducational.net\/rivista\/#\/schema\/person\/337e0fab6a6a255a4a78b07aaa5fa204"},"headline":"Causa","datePublished":"2025-09-27T09:07:32+00:00","dateModified":"2025-09-27T09:07:34+00:00","mainEntityOfPage":{"@id":"https:\/\/galileoeducational.net\/rivista\/causa\/"},"wordCount":713,"commentCount":0,"publisher":{"@id":"https:\/\/galileoeducational.net\/rivista\/#organization"},"image":{"@id":"https:\/\/galileoeducational.net\/rivista\/causa\/#primaryimage"},"thumbnailUrl":"https:\/\/galileoeducational.net\/rivista\/wp-content\/uploads\/2025\/09\/Causa.png","articleSection":["Glossario"],"inLanguage":"it-IT","potentialAction":[{"@type":"CommentAction","name":"Comment","target":["https:\/\/galileoeducational.net\/rivista\/causa\/#respond"]}]},{"@type":"WebPage","@id":"https:\/\/galileoeducational.net\/rivista\/causa\/","url":"https:\/\/galileoeducational.net\/rivista\/causa\/","name":"Causa - Rivista del metodo didattico Galileo for Education","isPartOf":{"@id":"https:\/\/galileoeducational.net\/rivista\/#website"},"primaryImageOfPage":{"@id":"https:\/\/galileoeducational.net\/rivista\/causa\/#primaryimage"},"image":{"@id":"https:\/\/galileoeducational.net\/rivista\/causa\/#primaryimage"},"thumbnailUrl":"https:\/\/galileoeducational.net\/rivista\/wp-content\/uploads\/2025\/09\/Causa.png","datePublished":"2025-09-27T09:07:32+00:00","dateModified":"2025-09-27T09:07:34+00:00","breadcrumb":{"@id":"https:\/\/galileoeducational.net\/rivista\/causa\/#breadcrumb"},"inLanguage":"it-IT","potentialAction":[{"@type":"ReadAction","target":["https:\/\/galileoeducational.net\/rivista\/causa\/"]}]},{"@type":"ImageObject","inLanguage":"it-IT","@id":"https:\/\/galileoeducational.net\/rivista\/causa\/#primaryimage","url":"https:\/\/galileoeducational.net\/rivista\/wp-content\/uploads\/2025\/09\/Causa.png","contentUrl":"https:\/\/galileoeducational.net\/rivista\/wp-content\/uploads\/2025\/09\/Causa.png","width":1024,"height":1024},{"@type":"BreadcrumbList","@id":"https:\/\/galileoeducational.net\/rivista\/causa\/#breadcrumb","itemListElement":[{"@type":"ListItem","position":1,"name":"Home","item":"https:\/\/galileoeducational.net\/rivista\/"},{"@type":"ListItem","position":2,"name":"Causa"}]},{"@type":"WebSite","@id":"https:\/\/galileoeducational.net\/rivista\/#website","url":"https:\/\/galileoeducational.net\/rivista\/","name":"Rivista del Metodo Galileo for Education","description":"per un insegnamento efficace","publisher":{"@id":"https:\/\/galileoeducational.net\/rivista\/#organization"},"potentialAction":[{"@type":"SearchAction","target":{"@type":"EntryPoint","urlTemplate":"https:\/\/galileoeducational.net\/rivista\/?s={search_term_string}"},"query-input":{"@type":"PropertyValueSpecification","valueRequired":true,"valueName":"search_term_string"}}],"inLanguage":"it-IT"},{"@type":"Organization","@id":"https:\/\/galileoeducational.net\/rivista\/#organization","name":"Associazione Galileo","url":"https:\/\/galileoeducational.net\/rivista\/","logo":{"@type":"ImageObject","inLanguage":"it-IT","@id":"https:\/\/galileoeducational.net\/rivista\/#\/schema\/logo\/image\/","url":"https:\/\/galileoeducational.net\/rivista\/wp-content\/uploads\/2024\/01\/logoassSito11-copia-350.jpg","contentUrl":"https:\/\/galileoeducational.net\/rivista\/wp-content\/uploads\/2024\/01\/logoassSito11-copia-350.jpg","width":350,"height":105,"caption":"Associazione Galileo"},"image":{"@id":"https:\/\/galileoeducational.net\/rivista\/#\/schema\/logo\/image\/"},"sameAs":["https:\/\/www.facebook.com\/associazionegalileo"]},{"@type":"Person","@id":"https:\/\/galileoeducational.net\/rivista\/#\/schema\/person\/337e0fab6a6a255a4a78b07aaa5fa204","name":"Umberto Bertolini","image":{"@type":"ImageObject","inLanguage":"it-IT","@id":"https:\/\/secure.gravatar.com\/avatar\/1226000365bdcd24a5eecea00510f2fd5d8505096b9063fa2614da1afe9c1c2c?s=96&d=mm&r=g","url":"https:\/\/secure.gravatar.com\/avatar\/1226000365bdcd24a5eecea00510f2fd5d8505096b9063fa2614da1afe9c1c2c?s=96&d=mm&r=g","contentUrl":"https:\/\/secure.gravatar.com\/avatar\/1226000365bdcd24a5eecea00510f2fd5d8505096b9063fa2614da1afe9c1c2c?s=96&d=mm&r=g","caption":"Umberto Bertolini"},"sameAs":["https:\/\/serchio.net"],"url":"https:\/\/galileoeducational.net\/rivista\/author\/umberto\/"}]}},"_links":{"self":[{"href":"https:\/\/galileoeducational.net\/rivista\/wp-json\/wp\/v2\/posts\/716","targetHints":{"allow":["GET"]}}],"collection":[{"href":"https:\/\/galileoeducational.net\/rivista\/wp-json\/wp\/v2\/posts"}],"about":[{"href":"https:\/\/galileoeducational.net\/rivista\/wp-json\/wp\/v2\/types\/post"}],"author":[{"embeddable":true,"href":"https:\/\/galileoeducational.net\/rivista\/wp-json\/wp\/v2\/users\/2"}],"replies":[{"embeddable":true,"href":"https:\/\/galileoeducational.net\/rivista\/wp-json\/wp\/v2\/comments?post=716"}],"version-history":[{"count":1,"href":"https:\/\/galileoeducational.net\/rivista\/wp-json\/wp\/v2\/posts\/716\/revisions"}],"predecessor-version":[{"id":718,"href":"https:\/\/galileoeducational.net\/rivista\/wp-json\/wp\/v2\/posts\/716\/revisions\/718"}],"wp:attachment":[{"href":"https:\/\/galileoeducational.net\/rivista\/wp-json\/wp\/v2\/media?parent=716"}],"wp:term":[{"taxonomy":"category","embeddable":true,"href":"https:\/\/galileoeducational.net\/rivista\/wp-json\/wp\/v2\/categories?post=716"},{"taxonomy":"post_tag","embeddable":true,"href":"https:\/\/galileoeducational.net\/rivista\/wp-json\/wp\/v2\/tags?post=716"}],"curies":[{"name":"wp","href":"https:\/\/api.w.org\/{rel}","templated":true}]}}