{"id":66,"date":"2024-01-28T12:45:34","date_gmt":"2024-01-28T11:45:34","guid":{"rendered":"https:\/\/galileoeducational.net\/rivista\/?p=66"},"modified":"2024-01-28T12:45:49","modified_gmt":"2024-01-28T11:45:49","slug":"la-valutazione-formativa-e-la-documentazione-dei-progressi","status":"publish","type":"post","link":"https:\/\/galileoeducational.net\/rivista\/la-valutazione-formativa-e-la-documentazione-dei-progressi\/","title":{"rendered":"La valutazione formativa e la documentazione dei progressi"},"content":{"rendered":"\n<p><br>Pubblicato 2005-11-07<\/p>\n\n\n\n<p>La valutazione formativa e la documentazione dei progressi nel progetto Galileo<\/p>\n\n\n\n<p>CONVEGNO SAN GIULIANO, 21 e 22 ottobre 2005<\/p>\n\n\n\n<p>di Alessandra Falpo<\/p>\n\n\n\n<p>L\u2019aspetto che mi preme evidenziare in questo breve intervento \u00e8 la stretta relazione che il progetto Galileo stabilisce tra valutazione e personalizzazione dell\u2019insegnamento\/apprendimento.Il progetto assegna alla valutazione un ruolo fondamentale, di grande rilevanza formativa.<\/p>\n\n\n\n<p>Possiamo dire che il progetto prende avvio da una procedura valutativa &#8211; il protocollo iniziale \u2013 le cui caratteristiche e le cui finalit\u00e0 devono essere ben comprese e inquadrate in una teoria della valutazione che si pu\u00f2 definire di tipo \u201cdiagnostico \u201d, finalizzata cio\u00e8 a conoscere l\u2019ampiezza e la profondit\u00e0 delle competenze che ogni bambino al momento dell\u2019ingresso a scuola ha gi\u00e0 costruito e, attraverso questa conoscenza progressiva e sistematica, a scoprire ed apprezzare meglio le capacit\u00e0 potenziali di ciascuno, quelle gi\u00e0 ben strutturate (punti di forza) e quelle non ancora pienamente mobilitate (punti di debolezza), e ad organizzare intorno ad esse una didattica realmente e non astrattamente personalizzata.<\/p>\n\n\n\n<p>L\u2019idea forte e\u2019 che solo partendo da una valutazione personalizzata si pu\u00f2 personalizzare l\u2019insegnamento e che tutto il discorso intorno alle competenze e al portfolio pu\u00f2 essere compreso solo all\u2019interno di un nuovo ruolo della valutazione<\/p>\n\n\n\n<p>In un articolo molto interessante apparso su Notizie della Scuola qualche tempo fa , Carlo Petracca parla di una nuova epistemologia della valutazione e propone il paradigma dell\u2019interpretazione come superamento dei due modelli classici della valutazione sommativa e della valutazione formativa .<\/p>\n\n\n\n<p>Dice Petracca che, se la valutazione scolastica vuole realmente svolgere il ruolo che le \u00e8 proprio , cio\u00e8 quello di assistere l\u2019<span tabindex='0' class='glossary-item-container'>apprendimento<span class='glossary-item-hidden-content'><span class='glossary-item-header'>Apprendimento<\/span> <span class='glossary-item-description'>'Il SNC non sarebbe in grado di sviluppare in modo autonomo, solo sulla spinta offerta dal DNA, tutte le sue potenzialit\u00e0 di pensiero e di linguaggio, come talora d\u00e0 l'impressione di fare e come spesso viene erroneamente ritenuto. Sar\u00e0 invece compito di ogni bambino attivare all'interno del proprio SNC queste potenzialit\u00e0, con la costruzione di circuiti fra neuroni e ulteriori circuiti fra circuiti gi? formati, finendo anche col modificare intensamente dal punto di vista funzionale tutta la struttura nervosa disponibile. Questo attivo processo di costruzione si identifica con l'apprendimento. Apprendimento che ha luogo continuamente e intensamente soprattutto nei primi anni, durante ogni momento di veglia. Sostituire il concetto di sviluppo con il concetto di costruzione non \u00e8 soltanto un gioco di parole, ma un modo di orientare in forma completamente diversa l'ottica e il compito dell'educazione e dell'insegnamento. Infatti, mentre l'idea di sviluppo si ricollega alla graduale comparsa di qualcosa che \u00e8 predestinata gi\u00e0 fino dal concepimento, l'idea di costruzione comporta la riconsiderazione e la valorizzazione dell'opera degli educatori e di tutto il contesto ambientale che circonda il piccolo. ', 4578<\/span><\/span><\/span>, allora \u00e8 necessario che essa si predisponga non solo a giudicare (come avviene nella valutazione sommativa) ma nemmeno semplicemente a spiegare i processi di apprendimento messi in moto dagli alunni (come si fa con la valutazione formativa)<\/p>\n\n\n\n<p>In questa prospettiva l\u2019apprendimento \u00e8 sempre di pi\u00f9 un processo che aiuta a collocare il sapere dentro il quadro personale e particolare attraverso il quale ciascun individuo cerca di attribuire significato alle conoscenze che gli capita di incontrare .<\/p>\n\n\n\n<p>Da questo punto di vista, molto stimolante, il bambino che apprende diventa un soggetto da ascoltare perch\u00e9 ha una storia cognitiva da raccontarci, una autobiografia della quale i piani personalizzati non possono non tenere conto .<\/p>\n\n\n\n<p>Dice Petracca : \u201c la conversazione autobiografica \u00e8 una delle strade promettenti, la sua cultura \u00e8 un testo da interpretare, se l\u2019insegnante ha competenze etnografiche o ermeneutiche\u201d<\/p>\n\n\n\n<p>Io credo che lo strumento dell\u2019intervista nel progetto Galileo si possa porre proprio in questa interessante prospettiva dei processi di valutazione che, insieme alle prove strutturate, ai test, ai questionari ecc.., devono sempre di pi\u00f9 affidarsi a tecniche narrative, interpretative e soprattutto riflessive se vogliono promuovere e rafforzare tutti , dando a ciascuno ci\u00f2 di cui ha bisogno , in una dimensione davvero personalizzata<\/p>\n\n\n\n<p>Occorre operare un ulteriore passo avanti e aggiungere alle categorie precedenti quelle della comprensione e della interpretazione che si avvalgono di strumentazioni riflessive, conversazionali e autobiografiche<\/p>\n\n\n\n<p>Questi processi mettono in crisi i metodi di ricerca che tendono verso la standardizzazione e la quantificazione .<\/p>\n\n\n\n<p>Questa evoluzione trova le sue ragioni nella caratteristica principale del nostro tempo: la differenziazione, la quale richiede processi di interconnessione delle differenze culturali, territoriali, individuali ecc..<\/p>\n\n\n\n<p>Gli strumenti del Galileo fanno dunque riferimento ad una funzione valutativa che certamente possiamo definire \u201cformativa\u201d perch\u00e9 si concentra non sul prodotto dell\u2019apprendimento ma sui processi e diventa in qualche modo \u201cregolativa\u201d dei percorsi didattici nel senso che li indirizza non verso un modello ideale di alunno (che non esiste) ma verso i bisogni del bambino reale , di ogni bambino.<\/p>\n\n\n\n<p>Ma a me sembra che il modello di valutazione \u201cGalileo\u201d possa corrispondere anche a teorie innovative in questo campo.<\/p>\n\n\n\n<p>A questo scopo la valutazione si concentra sulla raccolta di informazioni , in assenza delle quali non potrebbe essere aderente al processo e al servizio dell\u2019apprendimento, e si colloca nel cuore del problema pedagogico prendendo sul serio la funzione di \u201cmiglioramento\u201d che comporta anche un esame critico dell\u2019organizzazione didattica.<\/p>\n\n\n\n<p>Si tratta dunque di una valutazione che assiste l\u2019apprendimento perch\u00e9 fornisce agli insegnanti gli elementi di base sui quali fondare strategie didattiche che, facendo leva sui \u201cpunti di forza\u201d gi\u00e0 costruiti dal bambino, vadano a promuovere anche gli apprendimenti pi\u00f9 deboli, facilitando in tal modo la costruzione delle intelligenze nel suo complesso.<\/p>\n\n\n\n<p>&#8216;, &#8221;, 9024, &#8216;2017-02-05 19:16:57&#8217;, NULL, 1, 0, 0, 1, 0, 0, &#8221;, 5, 1),<\/p>\n","protected":false},"excerpt":{"rendered":"<p>Pubblicato 2005-11-07 La valutazione formativa e la documentazione dei progressi nel progetto Galileo CONVEGNO SAN GIULIANO, 21 e 22 ottobre 2005 di Alessandra Falpo L\u2019aspetto che mi preme evidenziare in questo breve intervento \u00e8 la stretta relazione che il progetto Galileo stabilisce tra valutazione e personalizzazione dell\u2019insegnamento\/apprendimento.Il progetto assegna alla valutazione un ruolo fondamentale, di [&hellip;]<\/p>\n","protected":false},"author":2,"featured_media":0,"comment_status":"open","ping_status":"open","sticky":false,"template":"","format":"standard","meta":{"_themeisle_gutenberg_block_has_review":false,"footnotes":""},"categories":[3],"tags":[],"class_list":["post-66","post","type-post","status-publish","format-standard","hentry","category-applicazioni"],"yoast_head":"<!-- This site is optimized with the Yoast SEO plugin v27.5 - https:\/\/yoast.com\/product\/yoast-seo-wordpress\/ -->\n<title>La valutazione formativa e la documentazione dei progressi - Rivista del metodo didattico Galileo for Education<\/title>\n<meta name=\"robots\" content=\"index, follow, max-snippet:-1, max-image-preview:large, max-video-preview:-1\" \/>\n<link rel=\"canonical\" href=\"https:\/\/galileoeducational.net\/rivista\/la-valutazione-formativa-e-la-documentazione-dei-progressi\/\" \/>\n<meta property=\"og:locale\" content=\"it_IT\" \/>\n<meta property=\"og:type\" content=\"article\" \/>\n<meta property=\"og:title\" content=\"La valutazione formativa e la documentazione dei progressi - Rivista del metodo didattico Galileo for Education\" \/>\n<meta property=\"og:description\" content=\"Pubblicato 2005-11-07 La valutazione formativa e la documentazione dei progressi nel progetto Galileo CONVEGNO SAN GIULIANO, 21 e 22 ottobre 2005 di Alessandra Falpo L\u2019aspetto che mi preme evidenziare in questo breve intervento \u00e8 la stretta relazione che il progetto Galileo stabilisce tra valutazione e personalizzazione dell\u2019insegnamento\/apprendimento.Il progetto assegna alla valutazione un ruolo fondamentale, di [&hellip;]\" \/>\n<meta property=\"og:url\" content=\"https:\/\/galileoeducational.net\/rivista\/la-valutazione-formativa-e-la-documentazione-dei-progressi\/\" \/>\n<meta property=\"og:site_name\" content=\"Rivista del metodo didattico Galileo for Education\" \/>\n<meta property=\"article:publisher\" content=\"https:\/\/www.facebook.com\/associazionegalileo\" \/>\n<meta property=\"article:published_time\" content=\"2024-01-28T11:45:34+00:00\" \/>\n<meta property=\"article:modified_time\" content=\"2024-01-28T11:45:49+00:00\" \/>\n<meta name=\"author\" content=\"Umberto Bertolini\" \/>\n<meta name=\"twitter:card\" content=\"summary_large_image\" \/>\n<meta name=\"twitter:label1\" content=\"Scritto da\" \/>\n\t<meta name=\"twitter:data1\" content=\"Umberto Bertolini\" \/>\n\t<meta name=\"twitter:label2\" content=\"Tempo di lettura stimato\" \/>\n\t<meta name=\"twitter:data2\" content=\"4 minuti\" \/>\n<script type=\"application\/ld+json\" class=\"yoast-schema-graph\">{\"@context\":\"https:\\\/\\\/schema.org\",\"@graph\":[{\"@type\":\"Article\",\"@id\":\"https:\\\/\\\/galileoeducational.net\\\/rivista\\\/la-valutazione-formativa-e-la-documentazione-dei-progressi\\\/#article\",\"isPartOf\":{\"@id\":\"https:\\\/\\\/galileoeducational.net\\\/rivista\\\/la-valutazione-formativa-e-la-documentazione-dei-progressi\\\/\"},\"author\":{\"name\":\"Umberto Bertolini\",\"@id\":\"https:\\\/\\\/galileoeducational.net\\\/rivista\\\/#\\\/schema\\\/person\\\/337e0fab6a6a255a4a78b07aaa5fa204\"},\"headline\":\"La valutazione formativa e la documentazione dei progressi\",\"datePublished\":\"2024-01-28T11:45:34+00:00\",\"dateModified\":\"2024-01-28T11:45:49+00:00\",\"mainEntityOfPage\":{\"@id\":\"https:\\\/\\\/galileoeducational.net\\\/rivista\\\/la-valutazione-formativa-e-la-documentazione-dei-progressi\\\/\"},\"wordCount\":733,\"commentCount\":0,\"publisher\":{\"@id\":\"https:\\\/\\\/galileoeducational.net\\\/rivista\\\/#organization\"},\"articleSection\":[\"Applicazioni progetto\"],\"inLanguage\":\"it-IT\",\"potentialAction\":[{\"@type\":\"CommentAction\",\"name\":\"Comment\",\"target\":[\"https:\\\/\\\/galileoeducational.net\\\/rivista\\\/la-valutazione-formativa-e-la-documentazione-dei-progressi\\\/#respond\"]}]},{\"@type\":\"WebPage\",\"@id\":\"https:\\\/\\\/galileoeducational.net\\\/rivista\\\/la-valutazione-formativa-e-la-documentazione-dei-progressi\\\/\",\"url\":\"https:\\\/\\\/galileoeducational.net\\\/rivista\\\/la-valutazione-formativa-e-la-documentazione-dei-progressi\\\/\",\"name\":\"La valutazione formativa e la documentazione dei progressi - Rivista del metodo didattico Galileo for Education\",\"isPartOf\":{\"@id\":\"https:\\\/\\\/galileoeducational.net\\\/rivista\\\/#website\"},\"datePublished\":\"2024-01-28T11:45:34+00:00\",\"dateModified\":\"2024-01-28T11:45:49+00:00\",\"breadcrumb\":{\"@id\":\"https:\\\/\\\/galileoeducational.net\\\/rivista\\\/la-valutazione-formativa-e-la-documentazione-dei-progressi\\\/#breadcrumb\"},\"inLanguage\":\"it-IT\",\"potentialAction\":[{\"@type\":\"ReadAction\",\"target\":[\"https:\\\/\\\/galileoeducational.net\\\/rivista\\\/la-valutazione-formativa-e-la-documentazione-dei-progressi\\\/\"]}]},{\"@type\":\"BreadcrumbList\",\"@id\":\"https:\\\/\\\/galileoeducational.net\\\/rivista\\\/la-valutazione-formativa-e-la-documentazione-dei-progressi\\\/#breadcrumb\",\"itemListElement\":[{\"@type\":\"ListItem\",\"position\":1,\"name\":\"Home\",\"item\":\"https:\\\/\\\/galileoeducational.net\\\/rivista\\\/\"},{\"@type\":\"ListItem\",\"position\":2,\"name\":\"La valutazione formativa e la documentazione dei progressi\"}]},{\"@type\":\"WebSite\",\"@id\":\"https:\\\/\\\/galileoeducational.net\\\/rivista\\\/#website\",\"url\":\"https:\\\/\\\/galileoeducational.net\\\/rivista\\\/\",\"name\":\"Rivista del Metodo Galileo for Education\",\"description\":\"per un insegnamento efficace\",\"publisher\":{\"@id\":\"https:\\\/\\\/galileoeducational.net\\\/rivista\\\/#organization\"},\"potentialAction\":[{\"@type\":\"SearchAction\",\"target\":{\"@type\":\"EntryPoint\",\"urlTemplate\":\"https:\\\/\\\/galileoeducational.net\\\/rivista\\\/?s={search_term_string}\"},\"query-input\":{\"@type\":\"PropertyValueSpecification\",\"valueRequired\":true,\"valueName\":\"search_term_string\"}}],\"inLanguage\":\"it-IT\"},{\"@type\":\"Organization\",\"@id\":\"https:\\\/\\\/galileoeducational.net\\\/rivista\\\/#organization\",\"name\":\"Associazione Galileo\",\"url\":\"https:\\\/\\\/galileoeducational.net\\\/rivista\\\/\",\"logo\":{\"@type\":\"ImageObject\",\"inLanguage\":\"it-IT\",\"@id\":\"https:\\\/\\\/galileoeducational.net\\\/rivista\\\/#\\\/schema\\\/logo\\\/image\\\/\",\"url\":\"https:\\\/\\\/galileoeducational.net\\\/rivista\\\/wp-content\\\/uploads\\\/2024\\\/01\\\/logoassSito11-copia-350.jpg\",\"contentUrl\":\"https:\\\/\\\/galileoeducational.net\\\/rivista\\\/wp-content\\\/uploads\\\/2024\\\/01\\\/logoassSito11-copia-350.jpg\",\"width\":350,\"height\":105,\"caption\":\"Associazione Galileo\"},\"image\":{\"@id\":\"https:\\\/\\\/galileoeducational.net\\\/rivista\\\/#\\\/schema\\\/logo\\\/image\\\/\"},\"sameAs\":[\"https:\\\/\\\/www.facebook.com\\\/associazionegalileo\"]},{\"@type\":\"Person\",\"@id\":\"https:\\\/\\\/galileoeducational.net\\\/rivista\\\/#\\\/schema\\\/person\\\/337e0fab6a6a255a4a78b07aaa5fa204\",\"name\":\"Umberto Bertolini\",\"image\":{\"@type\":\"ImageObject\",\"inLanguage\":\"it-IT\",\"@id\":\"https:\\\/\\\/secure.gravatar.com\\\/avatar\\\/1226000365bdcd24a5eecea00510f2fd5d8505096b9063fa2614da1afe9c1c2c?s=96&d=mm&r=g\",\"url\":\"https:\\\/\\\/secure.gravatar.com\\\/avatar\\\/1226000365bdcd24a5eecea00510f2fd5d8505096b9063fa2614da1afe9c1c2c?s=96&d=mm&r=g\",\"contentUrl\":\"https:\\\/\\\/secure.gravatar.com\\\/avatar\\\/1226000365bdcd24a5eecea00510f2fd5d8505096b9063fa2614da1afe9c1c2c?s=96&d=mm&r=g\",\"caption\":\"Umberto Bertolini\"},\"sameAs\":[\"https:\\\/\\\/serchio.net\"],\"url\":\"https:\\\/\\\/galileoeducational.net\\\/rivista\\\/author\\\/umberto\\\/\"}]}<\/script>\n<!-- \/ Yoast SEO plugin. -->","yoast_head_json":{"title":"La valutazione formativa e la documentazione dei progressi - Rivista del metodo didattico Galileo for Education","robots":{"index":"index","follow":"follow","max-snippet":"max-snippet:-1","max-image-preview":"max-image-preview:large","max-video-preview":"max-video-preview:-1"},"canonical":"https:\/\/galileoeducational.net\/rivista\/la-valutazione-formativa-e-la-documentazione-dei-progressi\/","og_locale":"it_IT","og_type":"article","og_title":"La valutazione formativa e la documentazione dei progressi - Rivista del metodo didattico Galileo for Education","og_description":"Pubblicato 2005-11-07 La valutazione formativa e la documentazione dei progressi nel progetto Galileo CONVEGNO SAN GIULIANO, 21 e 22 ottobre 2005 di Alessandra Falpo L\u2019aspetto che mi preme evidenziare in questo breve intervento \u00e8 la stretta relazione che il progetto Galileo stabilisce tra valutazione e personalizzazione dell\u2019insegnamento\/apprendimento.Il progetto assegna alla valutazione un ruolo fondamentale, di [&hellip;]","og_url":"https:\/\/galileoeducational.net\/rivista\/la-valutazione-formativa-e-la-documentazione-dei-progressi\/","og_site_name":"Rivista del metodo didattico Galileo for Education","article_publisher":"https:\/\/www.facebook.com\/associazionegalileo","article_published_time":"2024-01-28T11:45:34+00:00","article_modified_time":"2024-01-28T11:45:49+00:00","author":"Umberto Bertolini","twitter_card":"summary_large_image","twitter_misc":{"Scritto da":"Umberto Bertolini","Tempo di lettura stimato":"4 minuti"},"schema":{"@context":"https:\/\/schema.org","@graph":[{"@type":"Article","@id":"https:\/\/galileoeducational.net\/rivista\/la-valutazione-formativa-e-la-documentazione-dei-progressi\/#article","isPartOf":{"@id":"https:\/\/galileoeducational.net\/rivista\/la-valutazione-formativa-e-la-documentazione-dei-progressi\/"},"author":{"name":"Umberto Bertolini","@id":"https:\/\/galileoeducational.net\/rivista\/#\/schema\/person\/337e0fab6a6a255a4a78b07aaa5fa204"},"headline":"La valutazione formativa e la documentazione dei progressi","datePublished":"2024-01-28T11:45:34+00:00","dateModified":"2024-01-28T11:45:49+00:00","mainEntityOfPage":{"@id":"https:\/\/galileoeducational.net\/rivista\/la-valutazione-formativa-e-la-documentazione-dei-progressi\/"},"wordCount":733,"commentCount":0,"publisher":{"@id":"https:\/\/galileoeducational.net\/rivista\/#organization"},"articleSection":["Applicazioni progetto"],"inLanguage":"it-IT","potentialAction":[{"@type":"CommentAction","name":"Comment","target":["https:\/\/galileoeducational.net\/rivista\/la-valutazione-formativa-e-la-documentazione-dei-progressi\/#respond"]}]},{"@type":"WebPage","@id":"https:\/\/galileoeducational.net\/rivista\/la-valutazione-formativa-e-la-documentazione-dei-progressi\/","url":"https:\/\/galileoeducational.net\/rivista\/la-valutazione-formativa-e-la-documentazione-dei-progressi\/","name":"La valutazione formativa e la documentazione dei progressi - Rivista del metodo didattico Galileo for Education","isPartOf":{"@id":"https:\/\/galileoeducational.net\/rivista\/#website"},"datePublished":"2024-01-28T11:45:34+00:00","dateModified":"2024-01-28T11:45:49+00:00","breadcrumb":{"@id":"https:\/\/galileoeducational.net\/rivista\/la-valutazione-formativa-e-la-documentazione-dei-progressi\/#breadcrumb"},"inLanguage":"it-IT","potentialAction":[{"@type":"ReadAction","target":["https:\/\/galileoeducational.net\/rivista\/la-valutazione-formativa-e-la-documentazione-dei-progressi\/"]}]},{"@type":"BreadcrumbList","@id":"https:\/\/galileoeducational.net\/rivista\/la-valutazione-formativa-e-la-documentazione-dei-progressi\/#breadcrumb","itemListElement":[{"@type":"ListItem","position":1,"name":"Home","item":"https:\/\/galileoeducational.net\/rivista\/"},{"@type":"ListItem","position":2,"name":"La valutazione formativa e la documentazione dei progressi"}]},{"@type":"WebSite","@id":"https:\/\/galileoeducational.net\/rivista\/#website","url":"https:\/\/galileoeducational.net\/rivista\/","name":"Rivista del Metodo Galileo for Education","description":"per un insegnamento efficace","publisher":{"@id":"https:\/\/galileoeducational.net\/rivista\/#organization"},"potentialAction":[{"@type":"SearchAction","target":{"@type":"EntryPoint","urlTemplate":"https:\/\/galileoeducational.net\/rivista\/?s={search_term_string}"},"query-input":{"@type":"PropertyValueSpecification","valueRequired":true,"valueName":"search_term_string"}}],"inLanguage":"it-IT"},{"@type":"Organization","@id":"https:\/\/galileoeducational.net\/rivista\/#organization","name":"Associazione Galileo","url":"https:\/\/galileoeducational.net\/rivista\/","logo":{"@type":"ImageObject","inLanguage":"it-IT","@id":"https:\/\/galileoeducational.net\/rivista\/#\/schema\/logo\/image\/","url":"https:\/\/galileoeducational.net\/rivista\/wp-content\/uploads\/2024\/01\/logoassSito11-copia-350.jpg","contentUrl":"https:\/\/galileoeducational.net\/rivista\/wp-content\/uploads\/2024\/01\/logoassSito11-copia-350.jpg","width":350,"height":105,"caption":"Associazione Galileo"},"image":{"@id":"https:\/\/galileoeducational.net\/rivista\/#\/schema\/logo\/image\/"},"sameAs":["https:\/\/www.facebook.com\/associazionegalileo"]},{"@type":"Person","@id":"https:\/\/galileoeducational.net\/rivista\/#\/schema\/person\/337e0fab6a6a255a4a78b07aaa5fa204","name":"Umberto Bertolini","image":{"@type":"ImageObject","inLanguage":"it-IT","@id":"https:\/\/secure.gravatar.com\/avatar\/1226000365bdcd24a5eecea00510f2fd5d8505096b9063fa2614da1afe9c1c2c?s=96&d=mm&r=g","url":"https:\/\/secure.gravatar.com\/avatar\/1226000365bdcd24a5eecea00510f2fd5d8505096b9063fa2614da1afe9c1c2c?s=96&d=mm&r=g","contentUrl":"https:\/\/secure.gravatar.com\/avatar\/1226000365bdcd24a5eecea00510f2fd5d8505096b9063fa2614da1afe9c1c2c?s=96&d=mm&r=g","caption":"Umberto Bertolini"},"sameAs":["https:\/\/serchio.net"],"url":"https:\/\/galileoeducational.net\/rivista\/author\/umberto\/"}]}},"_links":{"self":[{"href":"https:\/\/galileoeducational.net\/rivista\/wp-json\/wp\/v2\/posts\/66","targetHints":{"allow":["GET"]}}],"collection":[{"href":"https:\/\/galileoeducational.net\/rivista\/wp-json\/wp\/v2\/posts"}],"about":[{"href":"https:\/\/galileoeducational.net\/rivista\/wp-json\/wp\/v2\/types\/post"}],"author":[{"embeddable":true,"href":"https:\/\/galileoeducational.net\/rivista\/wp-json\/wp\/v2\/users\/2"}],"replies":[{"embeddable":true,"href":"https:\/\/galileoeducational.net\/rivista\/wp-json\/wp\/v2\/comments?post=66"}],"version-history":[{"count":1,"href":"https:\/\/galileoeducational.net\/rivista\/wp-json\/wp\/v2\/posts\/66\/revisions"}],"predecessor-version":[{"id":67,"href":"https:\/\/galileoeducational.net\/rivista\/wp-json\/wp\/v2\/posts\/66\/revisions\/67"}],"wp:attachment":[{"href":"https:\/\/galileoeducational.net\/rivista\/wp-json\/wp\/v2\/media?parent=66"}],"wp:term":[{"taxonomy":"category","embeddable":true,"href":"https:\/\/galileoeducational.net\/rivista\/wp-json\/wp\/v2\/categories?post=66"},{"taxonomy":"post_tag","embeddable":true,"href":"https:\/\/galileoeducational.net\/rivista\/wp-json\/wp\/v2\/tags?post=66"}],"curies":[{"name":"wp","href":"https:\/\/api.w.org\/{rel}","templated":true}]}}